{"id":3883,"date":"2024-10-15T06:29:46","date_gmt":"2024-10-15T06:29:46","guid":{"rendered":"https:\/\/iprberlin.com\/fa\/?p=3883"},"modified":"2024-10-15T06:29:46","modified_gmt":"2024-10-15T06:29:46","slug":"%d8%af%d8%b9%d9%88%d8%aa-%d8%a8%d9%87-%d8%b4%d8%b4%d9%85%db%8c%d9%86-%da%a9%d9%86%d9%81%d8%b1%d8%a7%d9%86%d8%b3-%d9%86%d9%87%d8%a7%d8%af%d9%87%d8%a7%db%8c-%d9%85%d9%87%d8%a7%d8%ac%d8%b1%d8%aa%d8%a8","status":"publish","type":"post","link":"https:\/\/iprberlin.com\/fa\/%d8%af%d8%b9%d9%88%d8%aa-%d8%a8%d9%87-%d8%b4%d8%b4%d9%85%db%8c%d9%86-%da%a9%d9%86%d9%81%d8%b1%d8%a7%d9%86%d8%b3-%d9%86%d9%87%d8%a7%d8%af%d9%87%d8%a7%db%8c-%d9%85%d9%87%d8%a7%d8%ac%d8%b1%d8%aa%d8%a8\/","title":{"rendered":"\u062f\u0639\u0648\u062a \u0628\u0647 \u0634\u0634\u0645\u06cc\u0646 \u06a9\u0646\u0641\u0631\u0627\u0646\u0633 \u0646\u0647\u0627\u062f\u0647\u0627\u06cc \u0645\u0647\u0627\u062c\u0631\u062a\u0628\u0627\u0631 \u062f\u0631 \u0628\u0631\u0644\u06cc\u0646 \u062f\u0631 \u06f7 \u0648 \u06f8 \u0646\u0648\u0627\u0645\u0628\u0631 \u06f2\u06f0\u06f2\u06f4"},"content":{"rendered":"<div class=\"default-style\">\n<div class=\"default-style\">\n<div style=\"text-align: left;\"><strong>Einladung zur 6. Landeskonferenz der Migrant*innenorganisationen<\/strong><br \/>\n<strong>Mehr als Vielfalt: Kompetenzen \u2013 Inhalte \u2013 Visionen<\/strong><\/div>\n<div style=\"text-align: left;\"><\/div>\n<\/div>\n<\/div>\n<div style=\"text-align: left;\">Sehr geehrte Damen und Herren,<br \/>\nPartner*innen, Freund*innen, Mitstreiter*innen und Interessierte,<\/div>\n<div style=\"text-align: left;\">herzlich m\u00f6chten wir Sie zur sechsten Berliner Landeskonferenz der Migrant*innenorganisationen (LKMO) einladen! Die LKMO dient der Vernetzung und dem Austausch sowohl zwischen Berliner Migrant*innenorganisationen als auch zwischen Migrant*innenorganisationen und der Berliner Politik und Verwaltung.<\/div>\n<div style=\"text-align: left;\">Unter dem Titel Mehr als Vielfalt: Kompetenzen \u2013 Inhalte \u2013 Visionen richten wir dieses Jahr den Blick prim\u00e4r auf die oft ungesehenen unterschiedlichen Fachkompetenzen, Aktivit\u00e4ten und Beitr\u00e4ge der migrantischen Zivilgesellschaft f\u00fcr das Land Berlin. Aber auch strukturelle Fragen, das Verh\u00e4ltnis von Akteuren der gemeinwohlorientierten Arbeit zueinander und Entwicklungen in gemeinsamen Arbeits- und Politikfeldern werden Themen sein.<\/div>\n<div style=\"text-align: left;\">Erstmals findet die Konferenz an zwei Tagen statt, von denen allerdings nur ein Teil f\u00fcr die interessierte \u00d6ffentlichkeit ge\u00f6ffnet ist:<\/div>\n<div style=\"text-align: left;\"><\/div>\n<div style=\"text-align: left;\"><strong>Zeit:<\/strong> 08.11.2024, 13:00 \u2013 ca. 17:00 Uhr (fach\u00f6ffentlicher Teil)<br \/>\n<strong>Ort:<\/strong> Miriam-Makeba-Saal im Berlin Global Village, Am Sudhaus 2, 12053 Berlin<\/div>\n<div style=\"text-align: left;\">Infos und Anmeldung: lkmo@tbb-berlin.de<\/div>\n<div style=\"text-align: left;\">Vertreter*innen von Migrant*innen(selbst)organisationen, (post)migrantischen Vereinen und Initiativen k\u00f6nnen sich gerne auch f\u00fcr die Teilnahme am interaktiven Barcamp am 07.11.2024 anmelden. Bitte teilen Sie uns bei Ihrer Anmeldung mit, welcher Organisation o.\u00e4. Sie angeh\u00f6ren und f\u00fcr welche\/n Tag\/Tage die Anmeldung gilt. Voraussetzung f\u00fcr die Teilnahme ist zudem, dass Sie unseren Verhaltensregeln zustimmen.<\/div>\n<div style=\"text-align: left;\">Wir freuen uns auf Ihre Teilnahme und einen fruchtbaren Austausch!<br \/>\nDas Organisationsteam der LKMO 2024<\/div>\n","protected":false},"excerpt":{"rendered":"<p>Einladung zur 6. Landeskonferenz der Migrant*innenorganisationen Mehr als Vielfalt: Kompetenzen \u2013 Inhalte \u2013 Visionen Sehr geehrte Damen und Herren, Partner*innen, Freund*innen, Mitstreiter*innen und Interessierte, herzlich m\u00f6chten wir Sie zur sechsten Berliner Landeskonferenz der Migrant*innenorganisationen (LKMO) einladen! Die LKMO dient der Vernetzung und dem Austausch sowohl zwischen Berliner Migrant*innenorganisationen als auch zwischen Migrant*innenorganisationen und der Berliner [&hellip;]<\/p>\n","protected":false},"author":1,"featured_media":3884,"comment_status":"open","ping_status":"open","sticky":false,"template":"","format":"standard","meta":{"_monsterinsights_skip_tracking":false,"_monsterinsights_sitenote_active":false,"_monsterinsights_sitenote_note":"","_monsterinsights_sitenote_category":0,"footnotes":""},"categories":[15,2],"tags":[],"class_list":["post-3883","post","type-post","status-publish","format-standard","has-post-thumbnail","hentry","category-featured","category-announcements"],"_links":{"self":[{"href":"https:\/\/iprberlin.com\/fa\/wp-json\/wp\/v2\/posts\/3883","targetHints":{"allow":["GET"]}}],"collection":[{"href":"https:\/\/iprberlin.com\/fa\/wp-json\/wp\/v2\/posts"}],"about":[{"href":"https:\/\/iprberlin.com\/fa\/wp-json\/wp\/v2\/types\/post"}],"author":[{"embeddable":true,"href":"https:\/\/iprberlin.com\/fa\/wp-json\/wp\/v2\/users\/1"}],"replies":[{"embeddable":true,"href":"https:\/\/iprberlin.com\/fa\/wp-json\/wp\/v2\/comments?post=3883"}],"version-history":[{"count":1,"href":"https:\/\/iprberlin.com\/fa\/wp-json\/wp\/v2\/posts\/3883\/revisions"}],"predecessor-version":[{"id":3885,"href":"https:\/\/iprberlin.com\/fa\/wp-json\/wp\/v2\/posts\/3883\/revisions\/3885"}],"wp:featuredmedia":[{"embeddable":true,"href":"https:\/\/iprberlin.com\/fa\/wp-json\/wp\/v2\/media\/3884"}],"wp:attachment":[{"href":"https:\/\/iprberlin.com\/fa\/wp-json\/wp\/v2\/media?parent=3883"}],"wp:term":[{"taxonomy":"category","embeddable":true,"href":"https:\/\/iprberlin.com\/fa\/wp-json\/wp\/v2\/categories?post=3883"},{"taxonomy":"post_tag","embeddable":true,"href":"https:\/\/iprberlin.com\/fa\/wp-json\/wp\/v2\/tags?post=3883"}],"curies":[{"name":"wp","href":"https:\/\/api.w.org\/{rel}","templated":true}]}}