{"id":958,"date":"2015-10-25T15:51:03","date_gmt":"2015-10-25T15:51:03","guid":{"rendered":"https:\/\/iprberlin.com\/de\/?p=958"},"modified":"2015-10-25T15:51:03","modified_gmt":"2015-10-25T15:51:03","slug":"bundesregierung-will-afghanen-abschieben","status":"publish","type":"post","link":"https:\/\/iprberlin.com\/de\/bundesregierung-will-afghanen-abschieben\/","title":{"rendered":"Bundesregierung will Afghanen abschieben"},"content":{"rendered":"<p>Deutschland setzt sich laut einem Bericht f\u00fcr ein R\u00fccknahmeabkommen mit Afghanistan ein. Das soll den faktischen Abschiebestopp der vergangenen Jahre beenden.<\/p>\n<p>&nbsp;<\/p>\n<p class=\"paragraph article__item\">Die Bundesregierung will Fl\u00fcchtlinge aus Afghanistan einem Zeitungsbericht zufolge k\u00fcnftig verst\u00e4rkt in ihre Heimat abschieben lassen. Laut <em>Frankfurter Allgemeine Sonntagszeitung<\/em> dringt sie darauf, dass die Staats- und Regierungschefs aus L\u00e4ndern entlang der Westbalkanroute ein solches Zeichen setzen, <a class=\"\" href=\"http:\/\/www.zeit.de\/politik\/ausland\/2015-10\/oesterreich-deutschland-fluechtlinge\">wenn sie an diesem Sonntag in Br\u00fcssel zusammenkommen<\/a>. Nach dem Willen des Kanzleramts soll die EU-Kommission in der Schlusserkl\u00e4rung aufgefordert werden, mit Afghanistan ein R\u00fccknahmeabkommen f\u00fcr abgelehnte Asylbewerber auszuhandeln, schreibt die Zeitung. Sie beruft sich auf Regierungskreise und interne Verhandlungsunterlagen.<\/p>\n<p class=\"paragraph article__item\">Die Bundesregierung ist demnach in Sorge, <a class=\"\" href=\"http:\/\/www.zeit.de\/politik\/ausland\/2015-09\/afghanistan-fluechtlinge-deutschland-bundeswehr\">weil Afghanen inzwischen nach Syrern die gr\u00f6\u00dfte und am st\u00e4rksten wachsende Gruppe von Asylbewerbern sind<\/a>. Faktisch bestehe f\u00fcr sie seit Jahren ein Abschiebestopp, obwohl nur knapp die H\u00e4lfte von ihnen als schutzbed\u00fcrftig anerkannt werde. Nach dem Willen der L\u00e4nderinnenminister d\u00fcrften Afghanen nur nach &#8222;umfassender Einzelfallpr\u00fcfung&#8220; abgeschoben werden. Seit 2012 sei dies in keinem Jahr in mehr als zehn F\u00e4llen erfolgt.<\/p>\n<p class=\"paragraph article__item\">Bayerns <a class=\"\" href=\"http:\/\/www.zeit.de\/thema\/joachim-herrmann\">Innenminister Joachim Herrmann (CSU)<\/a> sprach sich in der Zeitung f\u00fcr eine h\u00e4rtere Linie aus: &#8222;Es ist dringend geboten, die Abschiebungen abgelehnter afghanischer Asylbewerber verst\u00e4rkt umzusetzen. Wir m\u00fcssen hier ein deutliches Signal setzen.&#8220;<\/p>\n<p class=\"paragraph article__item\">\n<p class=\"paragraph article__item\"><span style=\"font-size: 18pt;\"><strong><a href=\"http:\/\/www.zeit.de\/politik\/deutschland\/2015-10\/afghanistan-fluechtlinge-abschiebung\" target=\"_blank\">Quelle: zeit.de<\/a><\/strong><\/span><\/p>\n","protected":false},"excerpt":{"rendered":"<p>Deutschland setzt sich laut einem Bericht f\u00fcr ein R\u00fccknahmeabkommen mit Afghanistan ein. Das soll den faktischen Abschiebestopp der vergangenen Jahre beenden. &nbsp; Die Bundesregierung will Fl\u00fcchtlinge aus Afghanistan einem Zeitungsbericht zufolge k\u00fcnftig verst\u00e4rkt in ihre Heimat abschieben lassen. Laut Frankfurter Allgemeine Sonntagszeitung dringt sie darauf, dass die Staats- und Regierungschefs aus L\u00e4ndern entlang der Westbalkanroute [&hellip;]<\/p>\n","protected":false},"author":1,"featured_media":877,"comment_status":"open","ping_status":"open","sticky":false,"template":"","format":"standard","meta":{"_jetpack_memberships_contains_paid_content":false,"footnotes":""},"categories":[5],"tags":[],"class_list":["post-958","post","type-post","status-publish","format-standard","has-post-thumbnail","hentry","category-news"],"jetpack_sharing_enabled":true,"jetpack_featured_media_url":"https:\/\/iprberlin.com\/de\/wp-content\/uploads\/2015\/08\/Deutschland-Einwanderer.jpg","_links":{"self":[{"href":"https:\/\/iprberlin.com\/de\/wp-json\/wp\/v2\/posts\/958","targetHints":{"allow":["GET"]}}],"collection":[{"href":"https:\/\/iprberlin.com\/de\/wp-json\/wp\/v2\/posts"}],"about":[{"href":"https:\/\/iprberlin.com\/de\/wp-json\/wp\/v2\/types\/post"}],"author":[{"embeddable":true,"href":"https:\/\/iprberlin.com\/de\/wp-json\/wp\/v2\/users\/1"}],"replies":[{"embeddable":true,"href":"https:\/\/iprberlin.com\/de\/wp-json\/wp\/v2\/comments?post=958"}],"version-history":[{"count":1,"href":"https:\/\/iprberlin.com\/de\/wp-json\/wp\/v2\/posts\/958\/revisions"}],"predecessor-version":[{"id":959,"href":"https:\/\/iprberlin.com\/de\/wp-json\/wp\/v2\/posts\/958\/revisions\/959"}],"wp:featuredmedia":[{"embeddable":true,"href":"https:\/\/iprberlin.com\/de\/wp-json\/wp\/v2\/media\/877"}],"wp:attachment":[{"href":"https:\/\/iprberlin.com\/de\/wp-json\/wp\/v2\/media?parent=958"}],"wp:term":[{"taxonomy":"category","embeddable":true,"href":"https:\/\/iprberlin.com\/de\/wp-json\/wp\/v2\/categories?post=958"},{"taxonomy":"post_tag","embeddable":true,"href":"https:\/\/iprberlin.com\/de\/wp-json\/wp\/v2\/tags?post=958"}],"curies":[{"name":"wp","href":"https:\/\/api.w.org\/{rel}","templated":true}]}}