{"id":835,"date":"2015-07-23T16:22:34","date_gmt":"2015-07-23T16:22:34","guid":{"rendered":"https:\/\/iprberlin.com\/de\/?p=835"},"modified":"2015-07-23T16:30:59","modified_gmt":"2015-07-23T16:30:59","slug":"fluechtlingsprotest-in-berlin-kreuzberg-info-container-abgeschoben","status":"publish","type":"post","link":"https:\/\/iprberlin.com\/de\/fluechtlingsprotest-in-berlin-kreuzberg-info-container-abgeschoben\/","title":{"rendered":"Fl\u00fcchtlingsprotest in Berlin-Kreuzberg;  Info-Container abgeschoben"},"content":{"rendered":"<p>Der Bezirk r\u00e4umt den Info-Container der Protest-Bewegung am Oranienplatz ab \u2013 angeblich mit Einverst\u00e4ndnis der Fl\u00fcchtlinge. Diese bestreiten das.<\/p>\n<p><a href=\"https:\/\/iprberlin.com\/de\/wp-content\/uploads\/2014\/06\/Oranienplatz8.jpg\"><img loading=\"lazy\" decoding=\"async\" class=\"alignnone wp-image-221 size-full\" src=\"https:\/\/iprberlin.com\/de\/wp-content\/uploads\/2014\/06\/Oranienplatz8.jpg\" alt=\"Oranienplatz8\" width=\"600\" height=\"332\" srcset=\"https:\/\/iprberlin.com\/de\/wp-content\/uploads\/2014\/06\/Oranienplatz8.jpg 600w, https:\/\/iprberlin.com\/de\/wp-content\/uploads\/2014\/06\/Oranienplatz8-300x166.jpg 300w, https:\/\/iprberlin.com\/de\/wp-content\/uploads\/2014\/06\/Oranienplatz8-99x55.jpg 99w, https:\/\/iprberlin.com\/de\/wp-content\/uploads\/2014\/06\/Oranienplatz8-580x320.jpg 580w\" sizes=\"auto, (max-width: 600px) 100vw, 600px\" \/><\/a><\/p>\n<p>Der buntbeklebte Container war das letzte sichtbare Zeichen des jahrelangen Fl\u00fcchtlingsprotests am Oranienplatz. Am Montagnachmittag lie\u00df ihn der Bezirk Friedrichshain-Kreuzberg abholen, \u201eim Einvernehmen mit der Sondernutzungsinhaberin und ihren Vertretern\u201c, so \u00adOrdnungsstadtrat Peter Beckers in einer Mitteilung. Die Aktivisten bestreiten das. \u201eDer Bezirk hat uns mit horrenden Rechnungen f\u00fcr Renovierung respektive Abtransport gedroht, wenn das Ding stehen bleibt\u201c, sagte Dirk Stegemann, Unterst\u00fctzer der Refugees, am Dienstag der taz.<\/p>\n<p>Als im April 2014 das Protestcamp gegen die deutsche und europ\u00e4ische Fl\u00fcchtlingspolitik ger\u00e4umt wurde, war Teil der Vereinbarung des Senats mit den Besetzern, dass ein \u201eInfozelt\u201c als sichtbares Zeichen ihres Protests auf dem Platz bleiben d\u00fcrfe. Zus\u00e4tzlich stellte die Senatsverwaltung f\u00fcr Integration kurz nach der R\u00e4umung den Container auf. Als die Fl\u00fcchtlinge protestierten, dieser sei zu klein, hie\u00df es damals auch von Seiten von Bezirksb\u00fcrgermeisterin Monika Herrmann (Gr\u00fcne), der Container sei nur ein Provisorium. Dieses Provisorium hielt bis Montag. Zu Gespr\u00e4chen, wodurch er ersetzt werden k\u00f6nnte, sei es nie gekommen, so Stegemann.<\/p>\n<p>Das Zelt neben dem Container fiel bereits im Sommer 2014 einem Brandanschlag zum Opfer. Auch das daraufhin aufgebaute \u201eHaus der 28 T\u00fcren\u201c, ein als Kunstinstallation getarnter Leichtbau aus Holz, wurde von Unbekannten im M\u00e4rz angez\u00fcndet. Dabei nahm der Container schweren Schaden und war seither unbenutzbar.<\/p>\n<p>Die Fl\u00fcchtlinge fordern nun in einem offenen Brief, der am Dienstag an die Fraktionen des Abgeordnetenhauses, Integrationssenatorin Dilek Kolat (SPD) und B\u00fcrgermeisterin Herrmann versandt wurde, Gespr\u00e4che mit Senat und Bezirk \u00fcber die Zukunft der Bewegung am Oranienplatz. Sie beharren darauf, dass Senat und Bezirk mit ihrem Versprechen eines \u201emeeting house and an Infopoint\u201c in der Pflicht st\u00fcnden, einen solchen zu finanzieren sowie f\u00fcr seinen Schutz zu sorgen.<\/p>\n<p>Kokou Theophile, Refugee von Oranienplatz und Erstunterzeichner des offenen Briefes, sagte der taz, die Polizei sei in den letzten Monaten \u00f6fter zum Oranienplatz gekommen und habe obdachlose Roma aus dem Container vertrieben. Mit seiner R\u00e4umung habe man der Fl\u00fcchtlingsbewegung nun die letzte Bastion nehmen wollen. Dass der Senat einen Ersatz finanziere, glaube er nicht, so Theophile. \u201eSie haben uns das zwar versprochen, aber bis heute nichts unternommen.\u201c<\/p>\n<p>Erneut schieben sich Bezirk und Senat gegenseitig die Verantwortung zu. Der Container sei von Senatorin Kolat aufgestellt worden, erkl\u00e4rte Bezirkssprecher Sascha Langenbach \u2013 der Bezirk habe damit nichts zu tun. Dagegen sagte Kolats Sprecher Mathias Gille, die Gestaltung des Oranienplatzes sei mit einer Sondernutzung des Bezirks verbunden gewesen. \u201eIch bitte Sie, sich an den Bezirk zu wenden.\u201c<\/p>\n<p><em>Quelle:\u00a0<a href=\"http:\/\/www.taz.de\/Fluechtlingsprotest-in-Berlin-Kreuzberg\/!5214209\/\" target=\"_blank\">taz.de<\/a><\/em><\/p>\n<p>&nbsp;<\/p>\n","protected":false},"excerpt":{"rendered":"<p>Der Bezirk r\u00e4umt den Info-Container der Protest-Bewegung am Oranienplatz ab \u2013 angeblich mit Einverst\u00e4ndnis der Fl\u00fcchtlinge. Diese bestreiten das.<\/p>\n","protected":false},"author":1,"featured_media":221,"comment_status":"open","ping_status":"open","sticky":false,"template":"","format":"standard","meta":{"_jetpack_memberships_contains_paid_content":false,"footnotes":""},"categories":[5],"tags":[],"class_list":["post-835","post","type-post","status-publish","format-standard","has-post-thumbnail","hentry","category-news"],"jetpack_sharing_enabled":true,"jetpack_featured_media_url":"https:\/\/iprberlin.com\/de\/wp-content\/uploads\/2014\/06\/Oranienplatz8.jpg","_links":{"self":[{"href":"https:\/\/iprberlin.com\/de\/wp-json\/wp\/v2\/posts\/835","targetHints":{"allow":["GET"]}}],"collection":[{"href":"https:\/\/iprberlin.com\/de\/wp-json\/wp\/v2\/posts"}],"about":[{"href":"https:\/\/iprberlin.com\/de\/wp-json\/wp\/v2\/types\/post"}],"author":[{"embeddable":true,"href":"https:\/\/iprberlin.com\/de\/wp-json\/wp\/v2\/users\/1"}],"replies":[{"embeddable":true,"href":"https:\/\/iprberlin.com\/de\/wp-json\/wp\/v2\/comments?post=835"}],"version-history":[{"count":4,"href":"https:\/\/iprberlin.com\/de\/wp-json\/wp\/v2\/posts\/835\/revisions"}],"predecessor-version":[{"id":841,"href":"https:\/\/iprberlin.com\/de\/wp-json\/wp\/v2\/posts\/835\/revisions\/841"}],"wp:featuredmedia":[{"embeddable":true,"href":"https:\/\/iprberlin.com\/de\/wp-json\/wp\/v2\/media\/221"}],"wp:attachment":[{"href":"https:\/\/iprberlin.com\/de\/wp-json\/wp\/v2\/media?parent=835"}],"wp:term":[{"taxonomy":"category","embeddable":true,"href":"https:\/\/iprberlin.com\/de\/wp-json\/wp\/v2\/categories?post=835"},{"taxonomy":"post_tag","embeddable":true,"href":"https:\/\/iprberlin.com\/de\/wp-json\/wp\/v2\/tags?post=835"}],"curies":[{"name":"wp","href":"https:\/\/api.w.org\/{rel}","templated":true}]}}