{"id":2362,"date":"2025-01-02T11:36:17","date_gmt":"2025-01-02T11:36:17","guid":{"rendered":"https:\/\/iprberlin.com\/de\/?p=2362"},"modified":"2025-01-02T11:36:17","modified_gmt":"2025-01-02T11:36:17","slug":"neujahrsglueckwuensche-6","status":"publish","type":"post","link":"https:\/\/iprberlin.com\/de\/neujahrsglueckwuensche-6\/","title":{"rendered":"Neujahrsgl\u00fcckw\u00fcnsche"},"content":{"rendered":"<p>Der Verein iranischer Fl\u00fcchtlinge in Berlin e.V. w\u00fcnscht Ihnen allen frohe Feiertage und einen guten und gesunden Rutsch ins neue Jahr. Wir bedanken uns ganz herzlich bei allen, die uns in diesem Jahr unterst\u00fctzt und geholfen haben, insbesondere bei unseren ehrenamtlichen Mitarbeiter*nnen.<br \/>\n\/\/\/\/\/\/\/\/\/\/\/\/\/\/\/\/\/\/\/\/\/\/\/\/\/\/\/\/\/\/\/<\/p>\n<p>Achtung!<br \/>\nAb 23.12.2024 ist unser B\u00fcro geschlossen!<br \/>\nWir sind am 02.01.2025 um 13.00 Uhr wieder f\u00fcr Sie im B\u00fcro!<br \/>\n\/\/\/\/\/\/\/\/\/\/\/\/\/\/\/\/\/\/\/\/\/\/<\/p>\n<p>Unten einige Projekte und Aktivit\u00e4ten des Vereins im zweiten Halbjahr\u00a02024<\/p>\n<div class=\"youtube-embed\" data-video_id=\"SX27GBT_A0A\"><iframe loading=\"lazy\" title=\"\u0628\u0631\u062e\u06cc \u0627\u0632 \u0641\u0639\u0627\u0644\u06cc\u062a \u0647\u0627\u06cc \u06a9\u0627\u0646\u0648\u0646 \u067e\u0646\u0627\u0647\u0646\u062f\u06af\u0627\u0646 \u0627\u0632 \u0698\u0648\u0626\u06cc\u0647 \u062a\u0627 \u062f\u0633\u0627\u0645\u0628\u0631 \u06f2\u06f0\u06f2\u06f4\" width=\"696\" height=\"522\" src=\"https:\/\/www.youtube.com\/embed\/SX27GBT_A0A?start=1&#038;feature=oembed\" frameborder=\"0\" allow=\"accelerometer; autoplay; clipboard-write; encrypted-media; gyroscope; picture-in-picture; web-share\" referrerpolicy=\"strict-origin-when-cross-origin\" allowfullscreen><\/iframe><\/div>\n","protected":false},"excerpt":{"rendered":"<p>Der Verein iranischer Fl\u00fcchtlinge in Berlin e.V. w\u00fcnscht Ihnen allen frohe Feiertage und einen guten und gesunden Rutsch ins neue Jahr. Wir bedanken uns ganz herzlich bei allen, die uns in diesem Jahr unterst\u00fctzt und geholfen haben, insbesondere bei unseren ehrenamtlichen Mitarbeiter*nnen. \/\/\/\/\/\/\/\/\/\/\/\/\/\/\/\/\/\/\/\/\/\/\/\/\/\/\/\/\/\/\/ Achtung! Ab 23.12.2024 ist unser B\u00fcro geschlossen! Wir sind am 02.01.2025 um [&hellip;]<\/p>\n","protected":false},"author":1,"featured_media":1997,"comment_status":"open","ping_status":"open","sticky":false,"template":"","format":"standard","meta":{"_jetpack_memberships_contains_paid_content":false,"footnotes":""},"categories":[10,5],"tags":[],"class_list":["post-2362","post","type-post","status-publish","format-standard","has-post-thumbnail","hentry","category-featured","category-news"],"jetpack_sharing_enabled":true,"jetpack_featured_media_url":"https:\/\/iprberlin.com\/de\/wp-content\/uploads\/2023\/07\/kanoon-Logo.jpg","_links":{"self":[{"href":"https:\/\/iprberlin.com\/de\/wp-json\/wp\/v2\/posts\/2362","targetHints":{"allow":["GET"]}}],"collection":[{"href":"https:\/\/iprberlin.com\/de\/wp-json\/wp\/v2\/posts"}],"about":[{"href":"https:\/\/iprberlin.com\/de\/wp-json\/wp\/v2\/types\/post"}],"author":[{"embeddable":true,"href":"https:\/\/iprberlin.com\/de\/wp-json\/wp\/v2\/users\/1"}],"replies":[{"embeddable":true,"href":"https:\/\/iprberlin.com\/de\/wp-json\/wp\/v2\/comments?post=2362"}],"version-history":[{"count":1,"href":"https:\/\/iprberlin.com\/de\/wp-json\/wp\/v2\/posts\/2362\/revisions"}],"predecessor-version":[{"id":2363,"href":"https:\/\/iprberlin.com\/de\/wp-json\/wp\/v2\/posts\/2362\/revisions\/2363"}],"wp:featuredmedia":[{"embeddable":true,"href":"https:\/\/iprberlin.com\/de\/wp-json\/wp\/v2\/media\/1997"}],"wp:attachment":[{"href":"https:\/\/iprberlin.com\/de\/wp-json\/wp\/v2\/media?parent=2362"}],"wp:term":[{"taxonomy":"category","embeddable":true,"href":"https:\/\/iprberlin.com\/de\/wp-json\/wp\/v2\/categories?post=2362"},{"taxonomy":"post_tag","embeddable":true,"href":"https:\/\/iprberlin.com\/de\/wp-json\/wp\/v2\/tags?post=2362"}],"curies":[{"name":"wp","href":"https:\/\/api.w.org\/{rel}","templated":true}]}}