{"id":225,"date":"2014-03-10T08:43:47","date_gmt":"2014-03-10T08:43:47","guid":{"rendered":"https:\/\/iprberlin.com\/de\/?p=225"},"modified":"2014-06-21T08:47:20","modified_gmt":"2014-06-21T08:47:20","slug":"wahlrecht-fuer-alle-tempelhofer-feld","status":"publish","type":"post","link":"https:\/\/iprberlin.com\/de\/wahlrecht-fuer-alle-tempelhofer-feld\/","title":{"rendered":"Wahlrecht f\u00fcr alle Tempelhofer Feld"},"content":{"rendered":"<p style=\"text-align: center;\"><strong><span style=\"font-size: 12pt; font-family: arial, helvetica, sans-serif;\">Einladung Koordinationstreffen:<\/span><\/strong><br \/>\n<strong><span style=\"font-size: 12pt; font-family: arial, helvetica, sans-serif;\">Aktionstag \u201eWahlrecht f\u00fcr Alle\u201c zum Volksentscheid Tempelhofer Feld<\/span><\/strong><\/p>\n<p style=\"text-align: left;\">\n<span style=\"font-size: 12pt; font-family: arial, helvetica, sans-serif;\">27. M\u00e4rz 2014, 18.00h<\/span><br \/>\n<span style=\"font-size: 12pt; font-family: arial, helvetica, sans-serif;\">Nachbarschaftshaus Urbanstra\u00dfe<\/span><br \/>\n<span style=\"font-size: 12pt; font-family: arial, helvetica, sans-serif;\">Urbanstra\u00dfe 21 | 10961 Berlin<\/span><\/p>\n<p style=\"text-align: left;\">\n<span style=\"font-size: 12pt; font-family: arial, helvetica, sans-serif;\">Am 25. Mai 2014 \ufb01nden die Europawahlen und parallel dazu der Volksentscheid \u00fcber das <\/span><span style=\"font-size: 12pt; font-family: arial, helvetica, sans-serif;\">Tempelhofer Feld in Berlin statt. Ca. 460.000 Berliner_innen ohne deutschen Pass sind von der <\/span><br \/>\n<span style=\"font-size: 12pt; font-family: arial, helvetica, sans-serif;\">Abstimmung \u00fcber das Tempelhofer Feld ausgeschlossen. Gerade in den Bezirken Neuk\u00f6lln und <\/span><span style=\"font-size: 12pt; font-family: arial, helvetica, sans-serif;\">Tempelhof-Sch\u00f6neberg, die an das Feld angrenzen, wohnen viele B\u00fcrger_innen ohne deutsche <\/span><br \/>\n<span style=\"font-size: 12pt; font-family: arial, helvetica, sans-serif;\">Staatsb\u00fcrgerschaft, die von dem Volkentscheid direkt betroffen sind. Bei der <\/span><span style=\"font-size: 12pt; font-family: arial, helvetica, sans-serif;\">Unterschriftensammlung f\u00fcr das Volksbegehren waren knapp 10.000 Unterschriften ung\u00fcltig, <\/span><br \/>\n<span style=\"font-size: 12pt; font-family: arial, helvetica, sans-serif;\">weil die Unterzeichnenden nicht \u00fcber die deutsche Staatsangeh\u00f6rigkeit verf\u00fcgten.<\/span><\/p>\n<p style=\"text-align: left;\"><span style=\"font-size: 12pt; font-family: arial, helvetica, sans-serif;\">Das B\u00fcndnis Wahlrecht f\u00fcr Alle m\u00f6chte mit einem Aktionstag am 24.05.2014 auf dem <\/span><span style=\"font-size: 12pt; font-family: arial, helvetica, sans-serif;\">Tempelhofer Feld auf dieses Demokratiede\ufb01zit aufmerksam machen und eine \u00f6ffentliche und <\/span><br \/>\n<span style=\"font-size: 12pt; font-family: arial, helvetica, sans-serif;\">politische Debatte \u00fcber die Ausweitung des Wahlrechts ansto\u00dfen. Der Aktionstag auf dem <\/span><span style=\"font-size: 12pt; font-family: arial, helvetica, sans-serif;\">Tempelhofer Feld wird von einer Medienkampagne und Informations- und <\/span><br \/>\n<span style=\"font-size: 12pt; font-family: arial, helvetica, sans-serif;\">Diskussionsveranstaltungen begleitet.<\/span><\/p>\n<p style=\"text-align: left;\"><span style=\"font-size: 12pt; font-family: arial, helvetica, sans-serif;\">Im Rahmen des Koordinationstreffens wird \u00fcber den Ablauf des Aktionstages sowie die <\/span><span style=\"font-size: 12pt; font-family: arial, helvetica, sans-serif;\">Kampagne Wahlrecht f\u00fcr Alle informiert und gemeinsam daran weitergearbeitet. Wir laden <\/span><br \/>\n<span style=\"font-size: 12pt; font-family: arial, helvetica, sans-serif;\">Interessierte und vor allem Vereine und Organisationen, die Menschen ohne deutsche <\/span><span style=\"font-size: 12pt; font-family: arial, helvetica, sans-serif;\">Staatsangeh\u00f6rigkeit repr\u00e4sentieren, ein, sich beim Koordinationstreffen zu vernetzen, die <\/span><br \/>\n<span style=\"font-size: 12pt; font-family: arial, helvetica, sans-serif;\">Kampagne gemeinsam weiterzuentwickeln und sich am Aktionstag zu beteiligen.<\/span><\/p>\n<p style=\"text-align: left;\"><span style=\"font-size: 12pt; font-family: arial, helvetica, sans-serif;\">Der Aktionstag auf dem Tempelhofer Feld ist ein parteipolitisch unabh\u00e4ngiges Projekt des <\/span><span style=\"font-size: 12pt; font-family: arial, helvetica, sans-serif;\">B\u00fcndnisses Wahlrecht f\u00fcr Alle. Weitere Informationen zum B\u00fcndnis und der Kampagne unter <\/span><br \/>\n<strong><span style=\"font-size: 12pt; font-family: arial, helvetica, sans-serif;\"><a href=\"http:\/\/wahlrechtf\u00fcralle.de\/%20oder http:\/\/citizensforeurope.org\/\" target=\"_blank\">http:\/\/wahlrechtf\u00fcralle.de\/ oder http:\/\/citizensforeurope.org\/<\/a>\u00a0<\/span><\/strong><span style=\"font-size: 12pt; font-family: arial, helvetica, sans-serif;\">Wir w\u00fcrden uns sehr freuen, wenn Sie sich bis zum 20.03.2014 per Email oder Telefon bei Louisa <\/span><br \/>\n<span style=\"font-size: 12pt; font-family: arial, helvetica, sans-serif;\">Prause (prause@citizensforeurope.org, 030- 20 93 8332) zum Koordinationstreffen anmelden und \u00a0<\/span><span style=\"font-size: 12pt; font-family: arial, helvetica, sans-serif;\">wir Sie am 27.03.2014 in der Urbanstra\u00dfe 21 um 18h begr\u00fc\u00dfen d\u00fcrfen.<\/span><\/p>\n<p style=\"text-align: left;\"><span style=\"font-size: 12pt; font-family: arial, helvetica, sans-serif;\">Sehr dankbar w\u00e4ren wir Ihnen dar\u00fcber hinaus, wenn Sie diese Einladung an Ihr Netzwerk\u00a0<\/span><span style=\"font-size: 12pt; font-family: arial, helvetica, sans-serif;\">weiterleiten w\u00fcrden.<\/span><\/p>\n<p style=\"text-align: left;\"><span style=\"font-size: 12pt; font-family: arial, helvetica, sans-serif;\">F\u00fcr Fragen steht Ihnen Louisa Prause jederzeit gerne zur Verf\u00fcgung.<\/span><\/p>\n<p style=\"text-align: left;\">\n<span style=\"font-size: 12pt; font-family: arial, helvetica, sans-serif;\">Mit freundlichen Gr\u00fc\u00dfenDas B\u00fcndnis \u201eWahlrecht f\u00fcr Alle\u201c<\/span><\/p>\n","protected":false},"excerpt":{"rendered":"<p>Einladung Koordinationstreffen: Aktionstag \u201eWahlrecht f\u00fcr Alle\u201c zum Volksentscheid Tempelhofer Feld 27. M\u00e4rz 2014, 18.00h Nachbarschaftshaus Urbanstra\u00dfe Urbanstra\u00dfe 21 | 10961 Berlin Am 25. Mai 2014 \ufb01nden die Europawahlen und parallel dazu der Volksentscheid \u00fcber das Tempelhofer Feld in Berlin statt. Ca. 460.000 Berliner_innen ohne deutschen Pass sind von der Abstimmung \u00fcber das Tempelhofer Feld ausgeschlossen. [&hellip;]<\/p>\n","protected":false},"author":1,"featured_media":0,"comment_status":"open","ping_status":"open","sticky":false,"template":"","format":"standard","meta":{"_jetpack_memberships_contains_paid_content":false,"footnotes":""},"categories":[5],"tags":[],"class_list":["post-225","post","type-post","status-publish","format-standard","hentry","category-news"],"jetpack_sharing_enabled":true,"jetpack_featured_media_url":"","_links":{"self":[{"href":"https:\/\/iprberlin.com\/de\/wp-json\/wp\/v2\/posts\/225","targetHints":{"allow":["GET"]}}],"collection":[{"href":"https:\/\/iprberlin.com\/de\/wp-json\/wp\/v2\/posts"}],"about":[{"href":"https:\/\/iprberlin.com\/de\/wp-json\/wp\/v2\/types\/post"}],"author":[{"embeddable":true,"href":"https:\/\/iprberlin.com\/de\/wp-json\/wp\/v2\/users\/1"}],"replies":[{"embeddable":true,"href":"https:\/\/iprberlin.com\/de\/wp-json\/wp\/v2\/comments?post=225"}],"version-history":[{"count":1,"href":"https:\/\/iprberlin.com\/de\/wp-json\/wp\/v2\/posts\/225\/revisions"}],"predecessor-version":[{"id":226,"href":"https:\/\/iprberlin.com\/de\/wp-json\/wp\/v2\/posts\/225\/revisions\/226"}],"wp:attachment":[{"href":"https:\/\/iprberlin.com\/de\/wp-json\/wp\/v2\/media?parent=225"}],"wp:term":[{"taxonomy":"category","embeddable":true,"href":"https:\/\/iprberlin.com\/de\/wp-json\/wp\/v2\/categories?post=225"},{"taxonomy":"post_tag","embeddable":true,"href":"https:\/\/iprberlin.com\/de\/wp-json\/wp\/v2\/tags?post=225"}],"curies":[{"name":"wp","href":"https:\/\/api.w.org\/{rel}","templated":true}]}}