{"id":201,"date":"2014-04-10T06:51:38","date_gmt":"2014-04-10T06:51:38","guid":{"rendered":"https:\/\/iprberlin.com\/de\/?p=201"},"modified":"2014-06-21T06:56:49","modified_gmt":"2014-06-21T06:56:49","slug":"protest-auf-dem-oranienplatz-der-platz-bleibt-politisch","status":"publish","type":"post","link":"https:\/\/iprberlin.com\/de\/protest-auf-dem-oranienplatz-der-platz-bleibt-politisch\/","title":{"rendered":"Protest auf dem Oranienplatz; Der Platz bleibt politisch"},"content":{"rendered":"<p style=\"text-align: justify;\"><em><strong><span style=\"font-size: 12pt; font-family: arial, helvetica, sans-serif;\">Sechs Fl\u00fcchtlinge sind auf dem ger\u00e4umten Kreuzberger Oranienplatz in den Hungerstreik getreten. Sie fordern neue Verhandlungen.<\/span><\/strong><\/em><\/p>\n<p style=\"text-align: justify;\"><img loading=\"lazy\" decoding=\"async\" class=\"alignnone size-full wp-image-202\" src=\"https:\/\/iprberlin.com\/de\/wp-content\/uploads\/2014\/06\/Berlin-Oranienplatz-poice.jpg\" alt=\"Berlin-Oranienplatz-poice\" width=\"600\" height=\"334\" srcset=\"https:\/\/iprberlin.com\/de\/wp-content\/uploads\/2014\/06\/Berlin-Oranienplatz-poice.jpg 600w, https:\/\/iprberlin.com\/de\/wp-content\/uploads\/2014\/06\/Berlin-Oranienplatz-poice-300x167.jpg 300w, https:\/\/iprberlin.com\/de\/wp-content\/uploads\/2014\/06\/Berlin-Oranienplatz-poice-98x55.jpg 98w\" sizes=\"auto, (max-width: 600px) 100vw, 600px\" \/><\/p>\n<p style=\"text-align: justify;\"><span style=\"font-size: 12pt; font-family: arial, helvetica, sans-serif;\">Der Oranienplatz ist ger\u00e4umt: Auf dem umz\u00e4unten Teil des Platzes, wo bis Dienstag 18 Monate lang ein Fl\u00fcchtlingscamp war, harken am Donnerstag nur noch ein paar st\u00e4dtische Angestellte den Boden. Bald soll wieder Rasen gepflanzt werden. Polizisten haben den Platz umstellt.<\/span><\/p>\n<p style=\"text-align: justify;\"><span style=\"font-size: 12pt; font-family: arial, helvetica, sans-serif;\">Der Oranienplatz ist besetzt: Auf der gegen\u00fcberliegenden Platzseite sitzen in einem Berg aus Decken und Jacken mehrere Menschen. Sechs von ihnen befinden sich seit Mittwochnachmittag hier im Hungerstreik \u2013 und sie wollen bleiben. Die Fl\u00fcchtlinge sehen in der Abmachung, die ein Teil der Protestierenden aus dem Camp mit dem Senat getroffen haben, keine L\u00f6sung ihrer Probleme.<\/span><\/p>\n<p style=\"text-align: justify;\"><span style=\"font-size: 12pt; font-family: arial, helvetica, sans-serif;\">Der Oranienplatz ist ger\u00e4umt: Auf dem umz\u00e4unten Teil des Platzes, wo bis Dienstag 18 Monate lang ein Fl\u00fcchtlingscamp war, harken am Donnerstag nur noch ein paar st\u00e4dtische Angestellte den Boden. Bald soll wieder Rasen gepflanzt werden. Polizisten haben den Platz umstellt.<\/span><br \/>\n<span style=\"font-size: 12pt; font-family: arial, helvetica, sans-serif;\">Der Oranienplatz ist besetzt: Auf der gegen\u00fcberliegenden Platzseite sitzen in einem Berg aus Decken und Jacken mehrere Menschen. Sechs von ihnen befinden sich seit Mittwochnachmittag hier im Hungerstreik \u2013 und sie wollen bleiben. Die Fl\u00fcchtlinge sehen in der Abmachung, die ein Teil der Protestierenden aus dem Camp mit dem Senat getroffen haben, keine L\u00f6sung ihrer Probleme.<\/span><\/p>\n<p style=\"text-align: justify;\"><span style=\"font-size: 12pt; font-family: arial, helvetica, sans-serif;\">Sie wollen weiter verhandeln, fordern ein Gespr\u00e4ch mit Integrationssenatorin Dilek Kolat (SPD) sowie Aufenthaltsrecht f\u00fcr alle nach Paragraf 23 des Aufenthaltsgesetzes, nach dem auch Landesbeh\u00f6rden mit Einvernehmen des Bundesinnenministeriums Aufenthaltsrechte erteilen d\u00fcrfen.<\/span><br \/>\n<span style=\"font-size: 12pt; font-family: arial, helvetica, sans-serif;\">Zwei Hungerstreikende waren an den Verhandlungen mit der Senatorin beteiligt, die zur Aufl\u00f6sung des Camps und zum Umzug eines gro\u00dfen Teils der Bewohner in ein ehemaliges Hostel gef\u00fchrt hat. Sie sehen in dem Umzug einen erfolgreichen Versuch, die Fl\u00fcchtlinge zu spalten.<\/span><\/p>\n<p style=\"text-align: justify;\"><strong><span style=\"font-size: 12pt; font-family: arial, helvetica, sans-serif;\">Seit dem Abbau obdachlos<\/span><\/strong><\/p>\n<p style=\"text-align: justify;\"><span style=\"font-size: 12pt; font-family: arial, helvetica, sans-serif;\">Die Wut \u00fcber die Gruppe, die gegangen ist, ist auf dem Oranienplatz gro\u00df. \u201eSie haben uns im Stich gelassen\u201c, sagt ein Sudanese. Wie viele der Fl\u00fcchtlinge, die den Hungerstreik unterst\u00fctzen, ist er seit dem Abbau des Camps obdachlos. Sein Name habe auf der Liste gestanden, die die Fl\u00fcchtlinge bei einer Anw\u00e4ltin hinterlegt hatten, damit der Senat sie mit Unterkunft versorgt, sagt ein anderer.<\/span><\/p>\n<p style=\"text-align: justify;\"><span style=\"font-size: 12pt; font-family: arial, helvetica, sans-serif;\">Doch auf der Liste, die der Senat bekommen hat, sei sein Name nicht mehr gestanden. Daf\u00fcr sei die andere Fl\u00fcchtlingsgruppe verantwortlich, meinen viele hier. Jene h\u00e4tten Namen von der Liste entfernt. Die Senatsverwaltung erkl\u00e4rt, von F\u00e4llen wie diesen sei ihr nichts bekannt.<\/span><\/p>\n<p style=\"text-align: justify;\"><span style=\"font-size: 12pt; font-family: arial, helvetica, sans-serif;\">Er habe eineinhalb Jahre auf dem Platz gelebt, sagt der Mann, ebenfalls Sudanese. Nun will er bei den Hungerstreikenden bleiben \u2013 auch \u00fcber Nacht. Das d\u00fcrfte kalt werden: In der vorangegangenen Nacht hat die Polizei den Hungerstreikenden ihre Schlafs\u00e4cke weggenommen.<\/span><\/p>\n<p style=\"text-align: justify;\"><span style=\"font-size: 12pt; font-family: arial, helvetica, sans-serif;\">Das Bezirksamt hat beschlossen, keine Neubesetzung des Platzes zu dulden, hatte Bezirksb\u00fcrgermeisterin Monika Herrmann im taz-Interview gesagt. Wie mit der Nachbesetzung umgegangen werde, sei Sache der Polizei, so Herrmann. <\/span><\/p>\n","protected":false},"excerpt":{"rendered":"<p>Sechs Fl\u00fcchtlinge sind auf dem ger\u00e4umten Kreuzberger Oranienplatz in den Hungerstreik getreten. Sie fordern neue Verhandlungen. Der Oranienplatz ist ger\u00e4umt: Auf dem umz\u00e4unten Teil des Platzes, wo bis Dienstag 18 Monate lang ein Fl\u00fcchtlingscamp war, harken am Donnerstag nur noch ein paar st\u00e4dtische Angestellte den Boden. Bald soll wieder Rasen gepflanzt werden. Polizisten haben den [&hellip;]<\/p>\n","protected":false},"author":1,"featured_media":202,"comment_status":"open","ping_status":"open","sticky":false,"template":"","format":"standard","meta":{"_jetpack_memberships_contains_paid_content":false,"footnotes":""},"categories":[5],"tags":[],"class_list":["post-201","post","type-post","status-publish","format-standard","has-post-thumbnail","hentry","category-news"],"jetpack_sharing_enabled":true,"jetpack_featured_media_url":"https:\/\/iprberlin.com\/de\/wp-content\/uploads\/2014\/06\/Berlin-Oranienplatz-poice.jpg","_links":{"self":[{"href":"https:\/\/iprberlin.com\/de\/wp-json\/wp\/v2\/posts\/201","targetHints":{"allow":["GET"]}}],"collection":[{"href":"https:\/\/iprberlin.com\/de\/wp-json\/wp\/v2\/posts"}],"about":[{"href":"https:\/\/iprberlin.com\/de\/wp-json\/wp\/v2\/types\/post"}],"author":[{"embeddable":true,"href":"https:\/\/iprberlin.com\/de\/wp-json\/wp\/v2\/users\/1"}],"replies":[{"embeddable":true,"href":"https:\/\/iprberlin.com\/de\/wp-json\/wp\/v2\/comments?post=201"}],"version-history":[{"count":1,"href":"https:\/\/iprberlin.com\/de\/wp-json\/wp\/v2\/posts\/201\/revisions"}],"predecessor-version":[{"id":203,"href":"https:\/\/iprberlin.com\/de\/wp-json\/wp\/v2\/posts\/201\/revisions\/203"}],"wp:featuredmedia":[{"embeddable":true,"href":"https:\/\/iprberlin.com\/de\/wp-json\/wp\/v2\/media\/202"}],"wp:attachment":[{"href":"https:\/\/iprberlin.com\/de\/wp-json\/wp\/v2\/media?parent=201"}],"wp:term":[{"taxonomy":"category","embeddable":true,"href":"https:\/\/iprberlin.com\/de\/wp-json\/wp\/v2\/categories?post=201"},{"taxonomy":"post_tag","embeddable":true,"href":"https:\/\/iprberlin.com\/de\/wp-json\/wp\/v2\/tags?post=201"}],"curies":[{"name":"wp","href":"https:\/\/api.w.org\/{rel}","templated":true}]}}