{"id":1828,"date":"2021-12-22T13:02:37","date_gmt":"2021-12-22T13:02:37","guid":{"rendered":"https:\/\/iprberlin.com\/de\/?p=1828"},"modified":"2021-12-22T13:02:37","modified_gmt":"2021-12-22T13:02:37","slug":"neujahrsglueckwuensche-und-einige-projekte-und-aktivitaeten-des-vereins-im-zweiten-halbjahr-2021","status":"publish","type":"post","link":"https:\/\/iprberlin.com\/de\/neujahrsglueckwuensche-und-einige-projekte-und-aktivitaeten-des-vereins-im-zweiten-halbjahr-2021\/","title":{"rendered":"Neujahrsgl\u00fcckw\u00fcnsche und einige Projekte und Aktivit\u00e4ten des Vereins im zweiten Halbjahr 2021"},"content":{"rendered":"<p>Der Verein Iranischer Fl\u00fcchtlinge in Berlin e.V. w\u00fcnscht Ihnen allen frohe Feiertage und einen guten und gesunden Rutsch ins neue Jahr. Wir bedanken uns ganz herzlich bei allen, die uns in diesem Jahr unterst\u00fctzt und geholfen haben, insbesondere bei unseren ehrenamtlichen MitarbeiterInnen.<\/p>\n<p>&nbsp;<\/p>\n<p>F\u00fcr Notf\u00e4lle sind wir w\u00e4hrend der Feiertage Mo. und Di. 20. 21. 27. und 28.12.2021 zwischen 11 bis 14.00 Uhr erreichbar.<\/p>\n<p>Ab.03.01.2022 regul\u00e4re B\u00fcrozeiten.<\/p>\n<p>&nbsp;<\/p>\n<p>Unten sehen Sie einige Projekte und Aktivit\u00e4ten des Vereins im zweiten Halbjahr 2021!<\/p>\n<div class=\"youtube-embed\" data-video_id=\"blDIQsWVboo\"><iframe loading=\"lazy\" title=\"\u0628\u0631\u062e\u06cc \u0641\u0639\u0627\u0644\u06cc\u062a \u0647\u0627\u06cc \u06a9\u0627\u0646\u0648\u0646 \u062f\u0631 \u0646\u06cc\u0645\u0647 \u062f\u0648\u0645 \u0633\u0627\u0644 \u06f2\u06f0\u06f2\u06f1\" width=\"696\" height=\"392\" src=\"https:\/\/www.youtube.com\/embed\/blDIQsWVboo?feature=oembed&#038;enablejsapi=1\" frameborder=\"0\" allow=\"accelerometer; autoplay; clipboard-write; encrypted-media; gyroscope; picture-in-picture; web-share\" allowfullscreen><\/iframe><\/div>\n<p>&nbsp;<\/p>\n","protected":false},"excerpt":{"rendered":"<p>Der Verein Iranischer Fl\u00fcchtlinge in Berlin e.V. w\u00fcnscht Ihnen allen frohe Feiertage und einen guten und gesunden Rutsch ins neue Jahr. Wir bedanken uns ganz herzlich bei allen, die uns in diesem Jahr unterst\u00fctzt und geholfen haben, insbesondere bei unseren ehrenamtlichen MitarbeiterInnen. &nbsp; F\u00fcr Notf\u00e4lle sind wir w\u00e4hrend der Feiertage Mo. und Di. 20. 21. [&hellip;]<\/p>\n","protected":false},"author":1,"featured_media":1002,"comment_status":"open","ping_status":"open","sticky":false,"template":"","format":"standard","meta":{"_jetpack_memberships_contains_paid_content":false,"footnotes":""},"categories":[5],"tags":[],"class_list":["post-1828","post","type-post","status-publish","format-standard","has-post-thumbnail","hentry","category-news"],"jetpack_sharing_enabled":true,"jetpack_featured_media_url":"https:\/\/iprberlin.com\/de\/wp-content\/uploads\/2016\/01\/admin-ajax.php_.jpg","_links":{"self":[{"href":"https:\/\/iprberlin.com\/de\/wp-json\/wp\/v2\/posts\/1828","targetHints":{"allow":["GET"]}}],"collection":[{"href":"https:\/\/iprberlin.com\/de\/wp-json\/wp\/v2\/posts"}],"about":[{"href":"https:\/\/iprberlin.com\/de\/wp-json\/wp\/v2\/types\/post"}],"author":[{"embeddable":true,"href":"https:\/\/iprberlin.com\/de\/wp-json\/wp\/v2\/users\/1"}],"replies":[{"embeddable":true,"href":"https:\/\/iprberlin.com\/de\/wp-json\/wp\/v2\/comments?post=1828"}],"version-history":[{"count":1,"href":"https:\/\/iprberlin.com\/de\/wp-json\/wp\/v2\/posts\/1828\/revisions"}],"predecessor-version":[{"id":1829,"href":"https:\/\/iprberlin.com\/de\/wp-json\/wp\/v2\/posts\/1828\/revisions\/1829"}],"wp:featuredmedia":[{"embeddable":true,"href":"https:\/\/iprberlin.com\/de\/wp-json\/wp\/v2\/media\/1002"}],"wp:attachment":[{"href":"https:\/\/iprberlin.com\/de\/wp-json\/wp\/v2\/media?parent=1828"}],"wp:term":[{"taxonomy":"category","embeddable":true,"href":"https:\/\/iprberlin.com\/de\/wp-json\/wp\/v2\/categories?post=1828"},{"taxonomy":"post_tag","embeddable":true,"href":"https:\/\/iprberlin.com\/de\/wp-json\/wp\/v2\/tags?post=1828"}],"curies":[{"name":"wp","href":"https:\/\/api.w.org\/{rel}","templated":true}]}}