{"id":1823,"date":"2021-11-22T10:48:21","date_gmt":"2021-11-22T10:48:21","guid":{"rendered":"https:\/\/iprberlin.com\/de\/?p=1823"},"modified":"2021-11-22T10:48:21","modified_gmt":"2021-11-22T10:48:21","slug":"40-jahre-berliner-integrations-und-migrationspolitik-vom-kampf-um-anerkennung-zum-recht-auf-teilhabe","status":"publish","type":"post","link":"https:\/\/iprberlin.com\/de\/40-jahre-berliner-integrations-und-migrationspolitik-vom-kampf-um-anerkennung-zum-recht-auf-teilhabe\/","title":{"rendered":"40 Jahre Berliner Integrations- und Migrationspolitik: Vom Kampf um Anerkennung zum Recht auf Teilhabe"},"content":{"rendered":"<p>1981 nahm Barbara John als erste Ausl\u00e4nderbeauftragte Berlins ihr Amt auf. Rund 40 Jahre sp\u00e4ter ist Diversit\u00e4t eines der Markenzeichen der Stadt und Katarina Niewiedzial die erste Beauftragte f\u00fcr Integration und Migration mit eigener Einwanderungsgeschichte. Die Veranstaltung \u201e40 Jahre Berliner Integrations- und Migrationspolitik: Vom Kampf um Anerkennung zum Recht auf Teilhabe\u201c am 11. November 2021 beleuchtete in Schlaglichtern die Herausforderungen und Leistungen der Berliner Integrations- und Migrationspolitik der vergangenen 40 Jahre: von der Zeit der Gast- und Vertragsarbeiter*innen und der Wiedervereinigung, \u00fcber die Einwanderungsbewegungen der 1990er Jahre und die Migration im Zuge der EU-Osterweiterung \u2013 bis zu den j\u00fcngsten Entwicklungen und Debatten \u00fcber Flucht und Asyl.<\/p>\n<div class=\"html5-section block modul-text_bild\">\n<div class=\"html5-section body\">\n<div class=\"text \">\n<div class=\"textile\">\n<p>Es sprachen und diskutierten die ehemaligen Beauftragten Barbara John, G\u00fcnter Piening und Andreas Germershausen mit der aktuellen Beauftragen Katarina Niewiedzial, Senatorin Elke Breitenbach, die Stadt- und Migrationsforscherin Noa K. Ha sowie Vertreter*innen der Zivilgesellschaft wie Hamid Nowzari von Migrationsrat Berlin, Kamila Sch\u00f6ll-Mazurek vom Polnischen Sozialrat e.V., Maimouna Ouattara von moveGLOBAL e.V., Violeta Balog von Amaro Foro e.V. und P\u0131nar \u00c7etin von der Deutschen Islam Akademie. Moderiert wurde der Abend in der Alten Pumpe von Van Bo Le-Mentzel. Das K\u00fcnstlerkollektiv migrantas e.V. visualisierte die H\u00f6hepunkte und Ereignisse der vergangenen 40 Jahre in einer Installation, die zum Erg\u00e4nzen und Mitmachen einlud. Abschlie\u00dfend kamen alle G\u00e4ste zum gemeinsamen Ausklang des Abends im Restaurant zusammen.<\/p>\n<p>Wir bedanken uns f\u00fcr die langj\u00e4hrige Zusammenarbeit bei allen Mitarbeitenden, G\u00e4sten und den Mitwirkenden der Veranstaltung. Die Aufzeichnung des Livestreams der Veranstaltung ist online verf\u00fcgbar.<\/p>\n<p><a href=\"https:\/\/www.berlin.de\/lb\/intmig\/service\/aktuelles\/40-jahre-berliner-integrations-und-migrationspolitik-vom-kampf-um-anerkennung-zum-recht-auf-teilhabe-1148383.php\" target=\"_blank\" rel=\"noopener noreferrer\"><strong><span style=\"font-size: 14pt;\">Quelle: berlin.de<\/span><\/strong><\/a><\/p>\n<\/div>\n<\/div>\n<\/div>\n<\/div>\n","protected":false},"excerpt":{"rendered":"<p>1981 nahm Barbara John als erste Ausl\u00e4nderbeauftragte Berlins ihr Amt auf. Rund 40 Jahre sp\u00e4ter ist Diversit\u00e4t eines der Markenzeichen der Stadt und Katarina Niewiedzial die erste Beauftragte f\u00fcr Integration und Migration mit eigener Einwanderungsgeschichte. Die Veranstaltung \u201e40 Jahre Berliner Integrations- und Migrationspolitik: Vom Kampf um Anerkennung zum Recht auf Teilhabe\u201c am 11. November 2021 [&hellip;]<\/p>\n","protected":false},"author":1,"featured_media":1494,"comment_status":"open","ping_status":"open","sticky":false,"template":"","format":"standard","meta":{"_jetpack_memberships_contains_paid_content":false,"footnotes":""},"categories":[5],"tags":[],"class_list":["post-1823","post","type-post","status-publish","format-standard","has-post-thumbnail","hentry","category-news"],"jetpack_sharing_enabled":true,"jetpack_featured_media_url":"https:\/\/iprberlin.com\/de\/wp-content\/uploads\/2014\/06\/Sen_InArSo_logo_quer-2.jpg","_links":{"self":[{"href":"https:\/\/iprberlin.com\/de\/wp-json\/wp\/v2\/posts\/1823","targetHints":{"allow":["GET"]}}],"collection":[{"href":"https:\/\/iprberlin.com\/de\/wp-json\/wp\/v2\/posts"}],"about":[{"href":"https:\/\/iprberlin.com\/de\/wp-json\/wp\/v2\/types\/post"}],"author":[{"embeddable":true,"href":"https:\/\/iprberlin.com\/de\/wp-json\/wp\/v2\/users\/1"}],"replies":[{"embeddable":true,"href":"https:\/\/iprberlin.com\/de\/wp-json\/wp\/v2\/comments?post=1823"}],"version-history":[{"count":1,"href":"https:\/\/iprberlin.com\/de\/wp-json\/wp\/v2\/posts\/1823\/revisions"}],"predecessor-version":[{"id":1824,"href":"https:\/\/iprberlin.com\/de\/wp-json\/wp\/v2\/posts\/1823\/revisions\/1824"}],"wp:featuredmedia":[{"embeddable":true,"href":"https:\/\/iprberlin.com\/de\/wp-json\/wp\/v2\/media\/1494"}],"wp:attachment":[{"href":"https:\/\/iprberlin.com\/de\/wp-json\/wp\/v2\/media?parent=1823"}],"wp:term":[{"taxonomy":"category","embeddable":true,"href":"https:\/\/iprberlin.com\/de\/wp-json\/wp\/v2\/categories?post=1823"},{"taxonomy":"post_tag","embeddable":true,"href":"https:\/\/iprberlin.com\/de\/wp-json\/wp\/v2\/tags?post=1823"}],"curies":[{"name":"wp","href":"https:\/\/api.w.org\/{rel}","templated":true}]}}