{"id":1730,"date":"2021-02-10T21:42:00","date_gmt":"2021-02-10T21:42:00","guid":{"rendered":"https:\/\/iprberlin.com\/de\/?p=1730"},"modified":"2022-04-26T20:07:53","modified_gmt":"2022-04-26T20:07:53","slug":"sofortiger-abschiebestopp-nach-afghanistan","status":"publish","type":"post","link":"https:\/\/iprberlin.com\/de\/sofortiger-abschiebestopp-nach-afghanistan\/","title":{"rendered":"Sofortiger Abschiebestopp nach Afghanistan!"},"content":{"rendered":"<p>Pressemitteilung vom 9. Februar 2021:<\/p>\n<p><strong>Sofortiger Abschiebestopp nach Afghanistan!<\/strong><\/p>\n<p><strong>96 Organisationen und Initiativen verurteilen aufs Sch\u00e4rfste die geplante Abschiebung mitten im Lockdown in das Kriegs- und Krisengebiet Afghanistan<\/strong><\/p>\n<p>&nbsp;<\/p>\n<p>Wie im Dezember letzten Jahres wieder begonnen, setzt Deutschland seine monatlichen Abschiebungen nach Afghanistan auch 2021 fort. Abschiebungen in ein Land, welches 2020 schon das zweite Mal in Folge vom Institute for Economics &amp; Peace in seinem\u00a0Global Peace Index 2020<a href=\"#_ftn1\" name=\"_ftnref1\">[1]<\/a>\u00a0 als das gef\u00e4hrlichste Land der Welt eingestuft wurde. Am 31. Januar 2021 hat das Ausw\u00e4rtige Amt Afghanistan als Gebiet mit besonders hohem Infektionsrisiko (Hochinzidenzgebiet) ausgewiesen und als Konsequenz seine Reise- und Sicherheitswarnungen noch weiter versch\u00e4rft, da <em>Afghanistan von COVID-19 besonders stark betroffen sei und das Gesundheitssystem den Belastungen nicht standhalte.<a href=\"#_ftn2\" name=\"_ftnref2\"><strong>[2]<\/strong><\/a> <\/em><\/p>\n<p>Im September 2020 stellte das Oberverwaltungsgericht Bremen<a href=\"#_ftn3\" name=\"_ftnref3\">[3]<\/a> und im Dezember 2020 auch der Verwaltungsgerichtshof Baden-W\u00fcrttemberg<a href=\"#_ftn4\" name=\"_ftnref4\">[4]<\/a> au\u00dferdem fest, dass auch gesunde, alleinstehende M\u00e4nner ohne soziales Netzwerk in Afghanistan nicht dorthin abgeschoben werden du\u0308rfen, da sie aufgrund der durch die Corona-Pandemie verschlechterten wirtschaftlichen Lage nach einer Abschiebung ihre elementarsten Bed\u00fcrfnisse absehbar nicht decken k\u00f6nnen.<\/p>\n<p><strong>Ungeachtet dessen plant Deutschland am 9.2.2021 den n\u00e4chsten Abschiebeflug nach Afghanistan, bei dem sich erfahrungsgem\u00e4\u00df wieder viele Bundesl\u00e4nder beteiligen werden. W\u00e4hrend in Deutschland einerseits um jedes Leben gek\u00e4mpft wird, werden andererseits Menschen in ein Covid19-Hochrisiko- und Kriegsgebiet abgeschoben und die lebensbedrohliche Situation dort wissentlich in Kauf genommen. \u00a0<\/strong><\/p>\n<p>Der Sammelcharter am 9. Februar w\u00e4re der erste Abschiebflug aus Deutschland seit der informellen \u201e<em>Joint Declaration on Migration Cooperation<\/em>\u201c<a href=\"#_ftn5\" name=\"_ftnref5\">[5]<\/a>, die die Europ\u00e4ischen Union und Afghanistan im Januar dieses Jahres unterzeichnet haben und die f\u00fcr unbestimmte Zeit gelten soll. Demnach k\u00f6nnen k\u00fcnftig monatlich bis zu 500 Fl\u00fcchtlinge aus der EU nach Afghanistan abgeschoben werden.<\/p>\n<p>Unter den von der Abschiebung am 9. Februar Betroffenen sind voraussichtlich der 22j\u00e4hrige Hasib a <img loading=\"lazy\" decoding=\"async\" class=\"alignnone size-full wp-image-1732\" src=\"https:\/\/iprberlin.com\/de\/wp-content\/uploads\/2021\/02\/2.jpeg\" alt=\"\" width=\"1200\" height=\"1200\" srcset=\"https:\/\/iprberlin.com\/de\/wp-content\/uploads\/2021\/02\/2.jpeg 1200w, https:\/\/iprberlin.com\/de\/wp-content\/uploads\/2021\/02\/2-300x300.jpeg 300w, https:\/\/iprberlin.com\/de\/wp-content\/uploads\/2021\/02\/2-768x768.jpeg 768w, https:\/\/iprberlin.com\/de\/wp-content\/uploads\/2021\/02\/2-1024x1024.jpeg 1024w, https:\/\/iprberlin.com\/de\/wp-content\/uploads\/2021\/02\/2-55x55.jpeg 55w, https:\/\/iprberlin.com\/de\/wp-content\/uploads\/2021\/02\/2-650x650.jpeg 650w\" sizes=\"auto, (max-width: 1200px) 100vw, 1200px\" \/> <img loading=\"lazy\" decoding=\"async\" class=\"alignnone size-full wp-image-1733\" src=\"https:\/\/iprberlin.com\/de\/wp-content\/uploads\/2021\/02\/3.jpeg\" alt=\"\" width=\"1200\" height=\"1200\" srcset=\"https:\/\/iprberlin.com\/de\/wp-content\/uploads\/2021\/02\/3.jpeg 1200w, https:\/\/iprberlin.com\/de\/wp-content\/uploads\/2021\/02\/3-300x300.jpeg 300w, https:\/\/iprberlin.com\/de\/wp-content\/uploads\/2021\/02\/3-768x768.jpeg 768w, https:\/\/iprberlin.com\/de\/wp-content\/uploads\/2021\/02\/3-1024x1024.jpeg 1024w, https:\/\/iprberlin.com\/de\/wp-content\/uploads\/2021\/02\/3-55x55.jpeg 55w, https:\/\/iprberlin.com\/de\/wp-content\/uploads\/2021\/02\/3-650x650.jpeg 650w\" sizes=\"auto, (max-width: 1200px) 100vw, 1200px\" \/> <img loading=\"lazy\" decoding=\"async\" class=\"alignnone size-full wp-image-1734\" src=\"https:\/\/iprberlin.com\/de\/wp-content\/uploads\/2021\/02\/4.jpeg\" alt=\"\" width=\"1200\" height=\"1200\" srcset=\"https:\/\/iprberlin.com\/de\/wp-content\/uploads\/2021\/02\/4.jpeg 1200w, https:\/\/iprberlin.com\/de\/wp-content\/uploads\/2021\/02\/4-300x300.jpeg 300w, https:\/\/iprberlin.com\/de\/wp-content\/uploads\/2021\/02\/4-768x768.jpeg 768w, https:\/\/iprberlin.com\/de\/wp-content\/uploads\/2021\/02\/4-1024x1024.jpeg 1024w, https:\/\/iprberlin.com\/de\/wp-content\/uploads\/2021\/02\/4-55x55.jpeg 55w, https:\/\/iprberlin.com\/de\/wp-content\/uploads\/2021\/02\/4-650x650.jpeg 650w\" sizes=\"auto, (max-width: 1200px) 100vw, 1200px\" \/>us Kempten\/Allg\u00e4u, der dort zur Schule ging, jobbte, Fu\u00dfballspielen liebt, eine Ausbildung beginnen wollte und jetzt in Abschiebehaft in Ingelheim sitzt<a href=\"#_ftn6\" name=\"_ftnref6\">[6]<\/a> sowie der 20j\u00e4hrige H. aus NRW, der im Iran geboren wurde, mit neun Jahren nach Deutschland kam, noch nie in Afghanistan war und dort auch keine Angeh\u00f6rigen hat.<a href=\"#_ftn7\" name=\"_ftnref7\">[7]<\/a> Um nur zwei Schicksale zu nennen.<\/p>\n<p>&nbsp;<\/p>\n<p><strong>Der Schutz von Menschenleben w\u00e4hrend einer globalen Pandemie einzigartigen Ausma\u00dfes kann nicht an nationalen Grenzen halt machen und vom Aufenthaltsstatus oder der Nationalit\u00e4t abh\u00e4ngen. Wir fordern die Bundesregierung auf, sofort jegliche Abschiebungen nach Afghanistan zu stoppen und Menschenleben zu sch\u00fctzen!<\/strong><\/p>\n<p>&nbsp;<\/p>\n<p>&nbsp;<\/p>\n<p><strong>Unterzeichnende:<\/strong><\/p>\n<ol>\n<li>We\u2019ll Come United Berlin Brandenburg<\/li>\n<li>Jugendliche ohne Grenzen<\/li>\n<li>Migrant Support Network e.V.<\/li>\n<li>Afghan Refugees Movement<\/li>\n<li>Aktionsb\u00fcndnis Antirassismus<\/li>\n<li>No Border Assembly<\/li>\n<li>Karawane M\u00fcnchen<\/li>\n<li>YAAR e.V.<\/li>\n<li>Hazara Zentrum Berlin<\/li>\n<li>World Hazara Council \u2013 Germany e.V.<\/li>\n<li>Zaki \u2013 Bildung und Kultur e.V.<\/li>\n<li>Afghanisches Kommunikations- und Kulturzentrum e.V.<\/li>\n<li>Verein iranischer Fl\u00fcchtlinge in Berlin e.V.<\/li>\n<li>Afghanischer Aufschrei D\u00fcsseldorf<\/li>\n<li>Links*Kanax<\/li>\n<li>moveGLOBAL e.V.- Berliner Verband migrantischer-diasporischer Organisationen in der Einen Welt<\/li>\n<li>CISPM (coalition international des sanspapiers et migrants) Mannheim<\/li>\n<li>Initiativ Oury Jalloh Mannheim<\/li>\n<li>Migrantifa NRW<\/li>\n<li>PRO ASYL<\/li>\n<li>borderline-europe<\/li>\n<li>SEEBR\u00dcCKE<\/li>\n<li>IPPNW Deutschland<\/li>\n<li>medico international<\/li>\n<li>\u00c4rzte der Welt e.V<\/li>\n<li><strong>Verein demokratischer \u00c4rztinnen und \u00c4rzte vd\u00e4\u00e4<\/strong><\/li>\n<li>Republikanischer Anw\u00e4ltinnen- und Anw\u00e4lteverein RAV<\/li>\n<li>Fl\u00fcchtlingsrat Baden-W\u00fcrttemberg<\/li>\n<li>Bayerischer Fl\u00fcchtlingsrat<\/li>\n<li>Fl\u00fcchtlingsrat Berlin<\/li>\n<li>Fl\u00fcchtlingsrat Bremen<\/li>\n<li>Fl\u00fcchtlingsrat Brandenburg<\/li>\n<li>Fl\u00fcchtlingsrat Hamburg<\/li>\n<li>Fl\u00fcchtlingsrat RLP<\/li>\n<li>Fl\u00fcchtlingsrat Sachsen-Anhalt<\/li>\n<li>Fl\u00fcchtlingsrat Schleswig-Holstein<\/li>\n<li>Fl\u00fcchtlingsrat Th\u00fcringen<\/li>\n<li>Hessischer Fl\u00fcchtlingsrat<\/li>\n<li>M\u00fcnchner Fl\u00fcchtlingsrat<\/li>\n<li>S\u00e4chsischer Fl\u00fcchtlingsrat<\/li>\n<li>KuB &#8211; Kontakt- und Beratungsstelle f\u00fcr Fl\u00fcchtlinge und Migrant_innen e.V<\/li>\n<li>BBZ \u2013 Beratungs- und Betreuungszentrum f\u00fcr junge Gefl\u00fcchtete und Migrant*innen<\/li>\n<li>Afghanisch-Deutscher Kulturverein Flensburg<\/li>\n<li>BZSL e.V.<\/li>\n<li>Migrationsrat Berlin e.V.<\/li>\n<li>lifeline Vormundschaftsverein im Fl\u00fcchtlingsrat Schleswig-Holstein e.V.<\/li>\n<li>AWO Kreisverband Berlin-Mitte e.V.<\/li>\n<li>BNS BerlinerNetzwerk f\u00fcr besonders schutzbed\u00fcrftige gefl\u00fcchtete Menschen<\/li>\n<li>Evangelischer Kirchenkreis Teltow-Zehlendorf<\/li>\n<li>Diakonisches Werk Steglitz und Teltow-Zehlendorf<\/li>\n<li>Asyl in der Kirche Berlin-Brandenburg e.V.<\/li>\n<li>Weltweit <em>&#8211; <\/em>die Freiwilligengruppe von Asyl in der Kirche Berlin-Brandenburg e.V.<\/li>\n<li>XENION Psychosoziale Hilfen f\u00fcr politisch Verfolgte e.V.<\/li>\n<li>Zentrale Bildungs- und Beratungsstelle f\u00fcr Migrant*innen e.V. (ZBBS)<\/li>\n<li>Fl\u00fcchtlingsbeauftragte des Ev.Luth. Kirchenkreises L\u00fcbeck-Lauenburg<\/li>\n<li>Fl\u00fcchtlingsbeauftragte des ev. Kirchenkreises Schleswig-Flensburg<\/li>\n<li>AfghanistanNotSafe K\u00f6lnBonn<\/li>\n<li>Protest LEJ Leipzig<\/li>\n<li>Leipziger Initiativkreis: Menschen.W\u00fcrdig<\/li>\n<li>Bon Courage e.V.<\/li>\n<li>Wedding hilft<\/li>\n<li>Sprungbrett Zukunft Berlin e.V.<\/li>\n<li>Place4Refugees e.V.<\/li>\n<li>K\u00f6lner Netzwerk &#8222;kein mensch ist illegal&#8220;<\/li>\n<li>L\u00fcbecker Fl\u00fcchtlingsforum e.V.<\/li>\n<li>Seebr\u00fccke L\u00fcbeck<\/li>\n<li>Seebr\u00fccke Berlin<\/li>\n<li>Seebr\u00fccke Flensburg<\/li>\n<li>Seebr\u00fccke Bochum<\/li>\n<li>Seebr\u00fccke Kiel<\/li>\n<li>AG Bleiben, K\u00f6ln<\/li>\n<li>Seebr\u00fccke Potsdam<\/li>\n<li>Mosaik K\u00f6ln M\u00fclheim e.V.<\/li>\n<li>Diakoniewerk Simeon FB SozInt<\/li>\n<li>Lupine Mentoring e.V.<\/li>\n<li>Vernetzung gegen Abschiebung Hessen\/M<\/li>\n<li>Humanistische Union OV L\u00fcbeck<\/li>\n<li>WeGe ins Leben e.V.<\/li>\n<li>MediNetz Bielefeld<\/li>\n<li>Multikulturelle Zentrum Trier e.V.<\/li>\n<li>Initiative &#8211; Abschiebestopp Th\u00fcringen<\/li>\n<li>MOVE e.V.<\/li>\n<li>e.V.<\/li>\n<li>AK Politik K\u00f6ln<\/li>\n<li>die AG Bleiben K\u00f6ln<\/li>\n<li>Mosaik K\u00f6ln M\u00fclheim e.V.<\/li>\n<li>Pallottinische Gemeinschaft St. Christophorus unterschreiben<\/li>\n<li>Fremde brauchen Freunde e.V., Nordfriesland<\/li>\n<li>Helferkreis Mohammad Zaki Kulmbach<\/li>\n<li>MeG betreutes Wohnen<\/li>\n<li>Die Fl\u00fcchtlingslotsen im Amt H\u00fcrup<\/li>\n<li>Barnim f\u00fcr alle<\/li>\n<li>B\u00fcrger*innenasyl Barnim<\/li>\n<li>OMAS gegen Rechts L\u00fcbeck<\/li>\n<li>Bundesfachverband unbegleitete minderj\u00e4hrige Fl\u00fcchtlinge e.V.<\/li>\n<li>Initiativausschuss f\u00fcr Migrationspolitik in Rheinland-Pfalz<\/li>\n<\/ol>\n<p>&nbsp;<\/p>\n<p><a href=\"#_ftnref1\" name=\"_ftn1\">[1]<\/a> https:\/\/www.economicsandpeace.org\/wp-content\/uploads\/2020\/08\/GPI_2020_web.pdf<\/p>\n<p><a href=\"#_ftnref2\" name=\"_ftn2\">[2]<\/a> https:\/\/www.auswaertiges-amt.de\/de\/ReiseUndSicherheit\/afghanistansicherheit\/204692<\/p>\n<p><a href=\"#_ftnref3\" name=\"_ftn3\">[3]<\/a> https:\/\/www.oberverwaltungsgericht.bremen.de\/entscheidungen\/detail.php?gsid=bremen72.c.20994.de&amp;asl=bremen72.c.11265.de<\/p>\n<p><a href=\"#_ftnref4\" name=\"_ftn4\">[4]<\/a> https:\/\/verwaltungsgerichtshof-baden-wuerttemberg.justiz-bw.de\/pb\/,Lde\/8969988\/?LISTPAGE=1213200<\/p>\n<p><a href=\"#_ftnref5\" name=\"_ftn5\">[5]<\/a> https:\/\/www.statewatch.org\/media\/1801\/eu-council-joint-declaration-afghanistan-5223-21-add1.pdf<\/p>\n<p><a href=\"#_ftnref6\" name=\"_ftn6\">[6]<\/a> https:\/\/www.ulla-jelpke.de\/2021\/02\/12784\/<\/p>\n<p><a href=\"#_ftnref7\" name=\"_ftn7\">[7]<\/a> https:\/\/www.facebook.com\/nedajeafghan\/posts\/2398011833655737<\/p>\n","protected":false},"excerpt":{"rendered":"<p>Pressemitteilung vom 9. Februar 2021: Sofortiger Abschiebestopp nach Afghanistan! 96 Organisationen und Initiativen verurteilen aufs Sch\u00e4rfste die geplante Abschiebung mitten im Lockdown in das Kriegs- und Krisengebiet Afghanistan &nbsp; Wie im Dezember letzten Jahres wieder begonnen, setzt Deutschland seine monatlichen Abschiebungen nach Afghanistan auch 2021 fort. Abschiebungen in ein Land, welches 2020 schon das zweite [&hellip;]<\/p>\n","protected":false},"author":1,"featured_media":1734,"comment_status":"open","ping_status":"open","sticky":false,"template":"","format":"standard","meta":{"_jetpack_memberships_contains_paid_content":false,"footnotes":""},"categories":[5],"tags":[],"class_list":["post-1730","post","type-post","status-publish","format-standard","has-post-thumbnail","hentry","category-news"],"jetpack_sharing_enabled":true,"jetpack_featured_media_url":"https:\/\/iprberlin.com\/de\/wp-content\/uploads\/2021\/02\/4.jpeg","_links":{"self":[{"href":"https:\/\/iprberlin.com\/de\/wp-json\/wp\/v2\/posts\/1730","targetHints":{"allow":["GET"]}}],"collection":[{"href":"https:\/\/iprberlin.com\/de\/wp-json\/wp\/v2\/posts"}],"about":[{"href":"https:\/\/iprberlin.com\/de\/wp-json\/wp\/v2\/types\/post"}],"author":[{"embeddable":true,"href":"https:\/\/iprberlin.com\/de\/wp-json\/wp\/v2\/users\/1"}],"replies":[{"embeddable":true,"href":"https:\/\/iprberlin.com\/de\/wp-json\/wp\/v2\/comments?post=1730"}],"version-history":[{"count":2,"href":"https:\/\/iprberlin.com\/de\/wp-json\/wp\/v2\/posts\/1730\/revisions"}],"predecessor-version":[{"id":1856,"href":"https:\/\/iprberlin.com\/de\/wp-json\/wp\/v2\/posts\/1730\/revisions\/1856"}],"wp:featuredmedia":[{"embeddable":true,"href":"https:\/\/iprberlin.com\/de\/wp-json\/wp\/v2\/media\/1734"}],"wp:attachment":[{"href":"https:\/\/iprberlin.com\/de\/wp-json\/wp\/v2\/media?parent=1730"}],"wp:term":[{"taxonomy":"category","embeddable":true,"href":"https:\/\/iprberlin.com\/de\/wp-json\/wp\/v2\/categories?post=1730"},{"taxonomy":"post_tag","embeddable":true,"href":"https:\/\/iprberlin.com\/de\/wp-json\/wp\/v2\/tags?post=1730"}],"curies":[{"name":"wp","href":"https:\/\/api.w.org\/{rel}","templated":true}]}}