{"id":1567,"date":"2019-10-15T21:51:32","date_gmt":"2019-10-15T21:51:32","guid":{"rendered":"https:\/\/iprberlin.com\/de\/?p=1567"},"modified":"2019-10-15T21:51:32","modified_gmt":"2019-10-15T21:51:32","slug":"landeskonferenz-der-berliner-migrantinnenorganisationen","status":"publish","type":"post","link":"https:\/\/iprberlin.com\/de\/landeskonferenz-der-berliner-migrantinnenorganisationen\/","title":{"rendered":"Landeskonferenz der Berliner Migrant*innenorganisationen"},"content":{"rendered":"<p><strong>EINLADUNG ZUR <\/strong><\/p>\n<p><strong>LANDESKONFERENZ DER<br \/>\nBERLINER MIGRANT*INNENORGANISATIONEN<\/strong><\/p>\n<p>&nbsp;<\/p>\n<p>&nbsp;<\/p>\n<p>VIELFALT GIBT ES NUR MIT UNS! &#8211; SOLIDARISCH, AUTONOM, DIVERS<\/p>\n<p>&nbsp;<\/p>\n<p>&nbsp;<\/p>\n<p><strong>Was bewegt Berliner Migrant*innen, welche Perspektiven haben sie und ihre Organisationen\/Initiativen auf die Stadt, wie k\u00f6nnen und wollen sie diese mitgestalten?\u00a0<\/strong><\/p>\n<p>&nbsp;<\/p>\n<p><strong>Die Initiativgruppe<\/strong><br \/>\nagitPolska, Club Dialog, EOTO, Jugendmigrationsbeirat Berlin, Migrationsrat Berlin, moveGLOBAL, NARUD, NDO, RomaTrial, T\u00fcrkischer Bund in Berlin-Brandenburg, Verband f\u00fcr interkulturelle Arbeit, Verein iranischer Fl\u00fcchtlinge und Yaar<\/p>\n<p><strong>l\u00e4dt ein <\/strong><\/p>\n<p>&nbsp;<\/p>\n<p><strong>Wann:<\/strong>\u00a0\u00a0\u00a0\u00a0\u00a0\u00a0\u00a0 am Donnerstag, den <strong>7.11.2019 von 10.00 bis 18.00 Uhr <\/strong><\/p>\n<p><strong>Wo:<\/strong>\u00a0\u00a0\u00a0\u00a0\u00a0\u00a0\u00a0\u00a0\u00a0\u00a0\u00a0\u00a0 <strong>Alte Feuerwache<\/strong>, Axel-Springer-Stra\u00dfe 40\/41 in 10969 Berlin<\/p>\n<p>&nbsp;<\/p>\n<p>Wir m\u00f6chten einen Debattenraum f\u00fcr (kontroversen) Austausch und Begegnung schaffen, indem wir in verschiedenen Themenfeldern \u00fcber das Verh\u00e4ltnis zwischen Politik und Zivilgesellschaft sowie die Beziehungen zueinander diskutieren.<\/p>\n<p>&nbsp;<\/p>\n<p><strong>Ablauf<\/strong><\/p>\n<p><strong><br \/>\n<u>Teil 1:<\/u> INTERNE TAGUNG<\/strong><\/p>\n<p>09.15h Ankommen \/ Imbiss<\/p>\n<p>10.00h Er\u00f6ffnung und Gru\u00dfwort von<\/p>\n<p>10.30h 1. Diskussionsrunde (45 Min)<\/p>\n<p>11.20h 2. Diskussionsrunde (45 Min)<\/p>\n<p>12.05h Mittagspause<\/p>\n<p>13.15h 3. Diskussionsrunde (45 Min)<\/p>\n<p>14.05h Reflektion, Res\u00fcmee<\/p>\n<p>14.50h Kaffeepause<\/p>\n<p>&nbsp;<\/p>\n<p><strong><u>Teil 2:<\/u><\/strong><strong> \u00d6FFENTLICHER TEIL<\/strong><\/p>\n<p>15.25h Er\u00f6ffnung des zweiten Teils und Begr\u00fc\u00dfung der G\u00e4ste<\/p>\n<p>15.30h Gru\u00dfwort von Elke Breitenbach, Senatorin f\u00fcr Integration, Arbeit und<br \/>\nSoziales<\/p>\n<p>15.45h Podiumsgespr\u00e4ch mit Vertreter*innen der Politik<\/p>\n<p>17.50h Verabschiedung<\/p>\n<p>18.00h Ende<\/p>\n<p>&nbsp;<\/p>\n<p>Carmen Heurich<\/p>\n<p>F\u00fcr die Initiativgruppe:<\/p>\n<p>T\u00fcrkischer Bund in Berlin-Brandenburg e.V.<\/p>\n<p>Oranienstr. 53, 10969 Berlin<\/p>\n<p>Tel: 030 \u2013 62 32 624<\/p>\n<p>&nbsp;<\/p>\n<p><u>Wir bitten um Anmeldung unter:<\/u><\/p>\n<p>E-Mail: <a href=\"mailto:landeskonferenz@tbb-berlin.de\">landeskonferenz@tbb-berlin.de<\/a><\/p>\n<p>&nbsp;<\/p>\n<p><strong>Der Zugang zu den Tagungsr\u00e4umen ist barrierefrei.<\/strong><\/p>\n","protected":false},"excerpt":{"rendered":"<p>EINLADUNG ZUR LANDESKONFERENZ DER BERLINER MIGRANT*INNENORGANISATIONEN &nbsp; &nbsp; VIELFALT GIBT ES NUR MIT UNS! &#8211; SOLIDARISCH, AUTONOM, DIVERS &nbsp; &nbsp; Was bewegt Berliner Migrant*innen, welche Perspektiven haben sie und ihre Organisationen\/Initiativen auf die Stadt, wie k\u00f6nnen und wollen sie diese mitgestalten?\u00a0 &nbsp; Die Initiativgruppe agitPolska, Club Dialog, EOTO, Jugendmigrationsbeirat Berlin, Migrationsrat Berlin, moveGLOBAL, NARUD, NDO, [&hellip;]<\/p>\n","protected":false},"author":1,"featured_media":771,"comment_status":"open","ping_status":"open","sticky":false,"template":"","format":"standard","meta":{"_jetpack_memberships_contains_paid_content":false,"footnotes":""},"categories":[5],"tags":[],"class_list":["post-1567","post","type-post","status-publish","format-standard","has-post-thumbnail","hentry","category-news"],"jetpack_sharing_enabled":true,"jetpack_featured_media_url":"https:\/\/iprberlin.com\/de\/wp-content\/uploads\/2015\/04\/Coming-To-Germany.jpg","_links":{"self":[{"href":"https:\/\/iprberlin.com\/de\/wp-json\/wp\/v2\/posts\/1567","targetHints":{"allow":["GET"]}}],"collection":[{"href":"https:\/\/iprberlin.com\/de\/wp-json\/wp\/v2\/posts"}],"about":[{"href":"https:\/\/iprberlin.com\/de\/wp-json\/wp\/v2\/types\/post"}],"author":[{"embeddable":true,"href":"https:\/\/iprberlin.com\/de\/wp-json\/wp\/v2\/users\/1"}],"replies":[{"embeddable":true,"href":"https:\/\/iprberlin.com\/de\/wp-json\/wp\/v2\/comments?post=1567"}],"version-history":[{"count":1,"href":"https:\/\/iprberlin.com\/de\/wp-json\/wp\/v2\/posts\/1567\/revisions"}],"predecessor-version":[{"id":1568,"href":"https:\/\/iprberlin.com\/de\/wp-json\/wp\/v2\/posts\/1567\/revisions\/1568"}],"wp:featuredmedia":[{"embeddable":true,"href":"https:\/\/iprberlin.com\/de\/wp-json\/wp\/v2\/media\/771"}],"wp:attachment":[{"href":"https:\/\/iprberlin.com\/de\/wp-json\/wp\/v2\/media?parent=1567"}],"wp:term":[{"taxonomy":"category","embeddable":true,"href":"https:\/\/iprberlin.com\/de\/wp-json\/wp\/v2\/categories?post=1567"},{"taxonomy":"post_tag","embeddable":true,"href":"https:\/\/iprberlin.com\/de\/wp-json\/wp\/v2\/tags?post=1567"}],"curies":[{"name":"wp","href":"https:\/\/api.w.org\/{rel}","templated":true}]}}