{"id":1560,"date":"2019-10-11T07:06:59","date_gmt":"2019-10-11T07:06:59","guid":{"rendered":"https:\/\/iprberlin.com\/de\/?p=1560"},"modified":"2019-10-15T21:48:53","modified_gmt":"2019-10-15T21:48:53","slug":"besuchder-neuen-beauftragten-des-berliner-senats-fuer-integration-und-migration-beim-verein-iranischer-fluechtlinge","status":"publish","type":"post","link":"https:\/\/iprberlin.com\/de\/besuchder-neuen-beauftragten-des-berliner-senats-fuer-integration-und-migration-beim-verein-iranischer-fluechtlinge\/","title":{"rendered":"Besuch der neuen Beauftragten des Berliner Senats f\u00fcr Integration und Migration beim Verein Iranischer Fl\u00fcchtlinge"},"content":{"rendered":"<p>Besuch von Katarina Niewiedzial, neue Beauftragte des Berliner Senats f\u00fcr Integration und Migration beim Verein Iranischer Fl\u00fcchtlinge in Berlin e.V.<br \/>\nEs wurde ein intensives und konstruktives Gespr\u00e4ch \u00fcber die Weiterentwicklung der Fl\u00fcchtlings- und Partizipationspolitik, insbesondere \u00fcber die in Berlin lebende iranischen und afghanischen Com<img loading=\"lazy\" decoding=\"async\" class=\"alignnone size-full wp-image-1562\" src=\"https:\/\/iprberlin.com\/de\/wp-content\/uploads\/2019\/10\/71271161_2711219638911734_5963907762348883968_n-1.jpg\" alt=\"\" width=\"960\" height=\"720\" srcset=\"https:\/\/iprberlin.com\/de\/wp-content\/uploads\/2019\/10\/71271161_2711219638911734_5963907762348883968_n-1.jpg 960w, https:\/\/iprberlin.com\/de\/wp-content\/uploads\/2019\/10\/71271161_2711219638911734_5963907762348883968_n-1-200x150.jpg 200w, https:\/\/iprberlin.com\/de\/wp-content\/uploads\/2019\/10\/71271161_2711219638911734_5963907762348883968_n-1-300x225.jpg 300w, https:\/\/iprberlin.com\/de\/wp-content\/uploads\/2019\/10\/71271161_2711219638911734_5963907762348883968_n-1-768x576.jpg 768w, https:\/\/iprberlin.com\/de\/wp-content\/uploads\/2019\/10\/71271161_2711219638911734_5963907762348883968_n-1-73x55.jpg 73w, https:\/\/iprberlin.com\/de\/wp-content\/uploads\/2019\/10\/71271161_2711219638911734_5963907762348883968_n-1-305x230.jpg 305w, https:\/\/iprberlin.com\/de\/wp-content\/uploads\/2019\/10\/71271161_2711219638911734_5963907762348883968_n-1-75x55.jpg 75w, https:\/\/iprberlin.com\/de\/wp-content\/uploads\/2019\/10\/71271161_2711219638911734_5963907762348883968_n-1-650x488.jpg 650w, https:\/\/iprberlin.com\/de\/wp-content\/uploads\/2019\/10\/71271161_2711219638911734_5963907762348883968_n-1-65x50.jpg 65w\" sizes=\"auto, (max-width: 960px) 100vw, 960px\" \/><img loading=\"lazy\" decoding=\"async\" class=\"alignnone size-full wp-image-1563\" src=\"https:\/\/iprberlin.com\/de\/wp-content\/uploads\/2019\/10\/71118939_2711220698911628_2690883747808542720_o.jpg\" alt=\"\" width=\"2048\" height=\"1536\" srcset=\"https:\/\/iprberlin.com\/de\/wp-content\/uploads\/2019\/10\/71118939_2711220698911628_2690883747808542720_o.jpg 2048w, https:\/\/iprberlin.com\/de\/wp-content\/uploads\/2019\/10\/71118939_2711220698911628_2690883747808542720_o-200x150.jpg 200w, https:\/\/iprberlin.com\/de\/wp-content\/uploads\/2019\/10\/71118939_2711220698911628_2690883747808542720_o-300x225.jpg 300w, https:\/\/iprberlin.com\/de\/wp-content\/uploads\/2019\/10\/71118939_2711220698911628_2690883747808542720_o-768x576.jpg 768w, https:\/\/iprberlin.com\/de\/wp-content\/uploads\/2019\/10\/71118939_2711220698911628_2690883747808542720_o-1024x768.jpg 1024w, https:\/\/iprberlin.com\/de\/wp-content\/uploads\/2019\/10\/71118939_2711220698911628_2690883747808542720_o-73x55.jpg 73w, https:\/\/iprberlin.com\/de\/wp-content\/uploads\/2019\/10\/71118939_2711220698911628_2690883747808542720_o-305x230.jpg 305w, https:\/\/iprberlin.com\/de\/wp-content\/uploads\/2019\/10\/71118939_2711220698911628_2690883747808542720_o-75x55.jpg 75w, https:\/\/iprberlin.com\/de\/wp-content\/uploads\/2019\/10\/71118939_2711220698911628_2690883747808542720_o-650x488.jpg 650w, https:\/\/iprberlin.com\/de\/wp-content\/uploads\/2019\/10\/71118939_2711220698911628_2690883747808542720_o-65x50.jpg 65w\" sizes=\"auto, (max-width: 2048px) 100vw, 2048px\" \/><img loading=\"lazy\" decoding=\"async\" class=\"alignnone size-full wp-image-1564\" src=\"https:\/\/iprberlin.com\/de\/wp-content\/uploads\/2019\/10\/71115416_2711226155577749_1056847840724123648_o.jpg\" alt=\"\" width=\"2048\" height=\"1536\" srcset=\"https:\/\/iprberlin.com\/de\/wp-content\/uploads\/2019\/10\/71115416_2711226155577749_1056847840724123648_o.jpg 2048w, https:\/\/iprberlin.com\/de\/wp-content\/uploads\/2019\/10\/71115416_2711226155577749_1056847840724123648_o-200x150.jpg 200w, https:\/\/iprberlin.com\/de\/wp-content\/uploads\/2019\/10\/71115416_2711226155577749_1056847840724123648_o-300x225.jpg 300w, https:\/\/iprberlin.com\/de\/wp-content\/uploads\/2019\/10\/71115416_2711226155577749_1056847840724123648_o-768x576.jpg 768w, https:\/\/iprberlin.com\/de\/wp-content\/uploads\/2019\/10\/71115416_2711226155577749_1056847840724123648_o-1024x768.jpg 1024w, https:\/\/iprberlin.com\/de\/wp-content\/uploads\/2019\/10\/71115416_2711226155577749_1056847840724123648_o-73x55.jpg 73w, https:\/\/iprberlin.com\/de\/wp-content\/uploads\/2019\/10\/71115416_2711226155577749_1056847840724123648_o-305x230.jpg 305w, https:\/\/iprberlin.com\/de\/wp-content\/uploads\/2019\/10\/71115416_2711226155577749_1056847840724123648_o-75x55.jpg 75w, https:\/\/iprberlin.com\/de\/wp-content\/uploads\/2019\/10\/71115416_2711226155577749_1056847840724123648_o-650x488.jpg 650w, https:\/\/iprberlin.com\/de\/wp-content\/uploads\/2019\/10\/71115416_2711226155577749_1056847840724123648_o-65x50.jpg 65w\" sizes=\"auto, (max-width: 2048px) 100vw, 2048px\" \/>munity gef\u00fchrt.<\/p>\n","protected":false},"excerpt":{"rendered":"<p>Besuch von Katarina Niewiedzial, neue Beauftragte des Berliner Senats f\u00fcr Integration und Migration beim Verein Iranischer Fl\u00fcchtlinge in Berlin e.V. Es wurde ein intensives und konstruktives Gespr\u00e4ch \u00fcber die Weiterentwicklung der Fl\u00fcchtlings- und Partizipationspolitik, insbesondere \u00fcber die in Berlin lebende iranischen und afghanischen Community gef\u00fchrt.<\/p>\n","protected":false},"author":1,"featured_media":1561,"comment_status":"open","ping_status":"open","sticky":false,"template":"","format":"standard","meta":{"_jetpack_memberships_contains_paid_content":false,"footnotes":""},"categories":[5],"tags":[],"class_list":["post-1560","post","type-post","status-publish","format-standard","has-post-thumbnail","hentry","category-news"],"jetpack_sharing_enabled":true,"jetpack_featured_media_url":"https:\/\/iprberlin.com\/de\/wp-content\/uploads\/2019\/10\/71271161_2711219638911734_5963907762348883968_n.jpg","_links":{"self":[{"href":"https:\/\/iprberlin.com\/de\/wp-json\/wp\/v2\/posts\/1560","targetHints":{"allow":["GET"]}}],"collection":[{"href":"https:\/\/iprberlin.com\/de\/wp-json\/wp\/v2\/posts"}],"about":[{"href":"https:\/\/iprberlin.com\/de\/wp-json\/wp\/v2\/types\/post"}],"author":[{"embeddable":true,"href":"https:\/\/iprberlin.com\/de\/wp-json\/wp\/v2\/users\/1"}],"replies":[{"embeddable":true,"href":"https:\/\/iprberlin.com\/de\/wp-json\/wp\/v2\/comments?post=1560"}],"version-history":[{"count":2,"href":"https:\/\/iprberlin.com\/de\/wp-json\/wp\/v2\/posts\/1560\/revisions"}],"predecessor-version":[{"id":1566,"href":"https:\/\/iprberlin.com\/de\/wp-json\/wp\/v2\/posts\/1560\/revisions\/1566"}],"wp:featuredmedia":[{"embeddable":true,"href":"https:\/\/iprberlin.com\/de\/wp-json\/wp\/v2\/media\/1561"}],"wp:attachment":[{"href":"https:\/\/iprberlin.com\/de\/wp-json\/wp\/v2\/media?parent=1560"}],"wp:term":[{"taxonomy":"category","embeddable":true,"href":"https:\/\/iprberlin.com\/de\/wp-json\/wp\/v2\/categories?post=1560"},{"taxonomy":"post_tag","embeddable":true,"href":"https:\/\/iprberlin.com\/de\/wp-json\/wp\/v2\/tags?post=1560"}],"curies":[{"name":"wp","href":"https:\/\/api.w.org\/{rel}","templated":true}]}}