{"id":1345,"date":"2018-02-06T19:25:15","date_gmt":"2018-02-06T19:25:15","guid":{"rendered":"https:\/\/iprberlin.com\/de\/?p=1345"},"modified":"2018-02-06T19:25:15","modified_gmt":"2018-02-06T19:25:15","slug":"aufruf-zu-versammlungen-gegen-die-veranstaltungen-der-iranischen-botschaft-in-berlin-anlaesslich-des-jahrestages-vom-feb-1979","status":"publish","type":"post","link":"https:\/\/iprberlin.com\/de\/aufruf-zu-versammlungen-gegen-die-veranstaltungen-der-iranischen-botschaft-in-berlin-anlaesslich-des-jahrestages-vom-feb-1979\/","title":{"rendered":"Aufruf zu Versammlungen gegen die Veranstaltungen der Iranischen Botschaft in Berlin anl\u00e4sslich des Jahrestages vom Feb.1979"},"content":{"rendered":"<p><strong>Aufruf zu Versammlungen gegen die Veranstaltungen der Iranischen Botschaft in Berlin anl\u00e4sslich des <\/strong><strong>Jahrestages vom Feb.1979<\/strong><\/p>\n<p>Die Botschaft der Islamischen Republik will einmal mehr die Machtergreifung des reaktion\u00e4ren Regimes feiern; und dass gerade ein Monat, nachdem in mehr als 80 St\u00e4dten in Iran die Menschen gegen hohe Preise, Inflation, Diskriminierung und gesellschaftspolitische Probleme auf die Stra\u00dfen gegangen sind. Wie das diktatorisch-monarchische Shah-Regime vor ihr h\u00e4lt sich die islamische Republik mit Repressionen, Folter und Gef\u00e4ngnis an die Macht. Die Islamische Republik hat den Iran-Irak-Krieg zur Befestigung der Macht genutzt und das System der Repression erweitert. Die Islamische Republik hat von den ersten Tagen ihrer Macht an die Gef\u00e4ngnisse des Shah-Regimes f\u00fcr die Verfolgung und Niederschlagung von Revolution\u00e4ren und freiheitsliebenden Menschen genutzt.<\/p>\n<p>Wir erinnern daran, wie das Regime die Errungenschaften der Revolution auf den Stra\u00dfen, in Universit\u00e4ten, Schulen und Fabriken zur\u00fcckgenommen hat: Die Kleiderzwang f\u00fcr Frauen, die Milit\u00e4raktionen in Torkaman-Sahra und Kurdistan, die Hinrichtungen von Revolution\u00e4ren, die Schlie\u00dfung von Universit\u00e4ten und die kulturelle Revolution, die S\u00e4uberungen in Fabriken, Beh\u00f6rden und Schulen, waren nur der Anfang. Die Repressionen gingen mit Massenhinrichtungen von politischen Gefangenen in 1981 weiter und weiteten sich auch auf das Ausland aus, wo hunderte von Regimegegnern Attent\u00e4tern des Regimes zum Opfer fielen (auch in Berlin beim Mykonos-Attentat). Der traurige H\u00f6hepunkt waren die Massenhinrichtungen von politischen Gefangenen Sommer 1988. Ein Sommer, der sich in unsere Erinnerung eingebrannt hat.<\/p>\n<p>Die Menschen aber haben die Armut und die Repressionen satt und zeigen dies mit Parolen wie \u201eBrot, Arbeit, Freiheit\u201c, \u201eNieder mit dem Diktator\u201c und \u201eReformer, Prinzipalisten, das Spiel ist f\u00fcr euch beiden vorbei\u201c. Auch dieses Mal hat das Regime mit Repressionen auf die Proteste reagiert, aber die Forderungen der Menschen bleiben, und werden sich bald wieder zeigen. Die Proteste von Frauen gegen die Zwangsverschleierung ist ein Zeichen daf\u00fcr. 29 Frauen sind deswegen festgenommen.<\/p>\n<p>Wie d\u00fcrfen nicht zulassen, dass das Ausland zu einem sicheren Hafen f\u00fcr die Vertreter des Regimes wird. Z.B. hat der internationale Protest gegen Shahrudi, einer der wichtigsten Figuren der Repression in Iran, zu seiner Flucht aus Hannover gef\u00fchrt.<\/p>\n<p>Das Leben von politischen Gefangenen und von Verhafteten im Zuge der letzten Proteste ist in Gefahr. Mehr als 10 Gefangene sind unter Folter in den Gef\u00e4ngnissen ums Leben gekommen. Auch droht Ramin Hossein-Panahi, einem kurdischen Aktivisten, die Todesstrafe. Wir wollen neben anderen die Stimme von politischen Gefangenen und deren Familien sein. Wir wollen bei dieser Versammlung gegen die Feier der Islamischen Republik rufen:<\/p>\n<p>Freiheit f\u00fcr alle politischen Gefangenen!<\/p>\n<p>Gegen die Todesstrafe!<\/p>\n<p>Nein zur Islamischen Republik!<\/p>\n<p>Zeit: <strong>Donnerstag , 08.02.2018<\/strong>, um 17 Uhr vor iranischer Botschaft, Podbielskiallee 67,14195 Berlin<\/p>\n<p>Montag, <strong>12 Februar 2018<\/strong>, 11 Uhr<\/p>\n<p>Ort: Gegen\u00fcber vom Maritim Hotel, Staufenberg Str. 26, 10785 Berlin<\/p>\n<p>Organisatoren:<\/p>\n<p><strong>Verein Iranischer Fl\u00fcchtlinge in Berlin e.V.<\/strong><\/p>\n<p><strong>Komitee zur Unterst\u00fctzung von politischen Gefangenen in Iran \u2013 Berlin e.V.<\/strong><\/p>\n","protected":false},"excerpt":{"rendered":"<p>Aufruf zu Versammlungen gegen die Veranstaltungen der Iranischen Botschaft in Berlin anl\u00e4sslich des Jahrestages vom Feb.1979 Die Botschaft der Islamischen Republik will einmal mehr die Machtergreifung des reaktion\u00e4ren Regimes feiern; und dass gerade ein Monat, nachdem in mehr als 80 St\u00e4dten in Iran die Menschen gegen hohe Preise, Inflation, Diskriminierung und gesellschaftspolitische Probleme auf die [&hellip;]<\/p>\n","protected":false},"author":1,"featured_media":1002,"comment_status":"open","ping_status":"open","sticky":false,"template":"","format":"standard","meta":{"_jetpack_memberships_contains_paid_content":false,"footnotes":""},"categories":[5],"tags":[],"class_list":["post-1345","post","type-post","status-publish","format-standard","has-post-thumbnail","hentry","category-news"],"jetpack_sharing_enabled":true,"jetpack_featured_media_url":"https:\/\/iprberlin.com\/de\/wp-content\/uploads\/2016\/01\/admin-ajax.php_.jpg","_links":{"self":[{"href":"https:\/\/iprberlin.com\/de\/wp-json\/wp\/v2\/posts\/1345","targetHints":{"allow":["GET"]}}],"collection":[{"href":"https:\/\/iprberlin.com\/de\/wp-json\/wp\/v2\/posts"}],"about":[{"href":"https:\/\/iprberlin.com\/de\/wp-json\/wp\/v2\/types\/post"}],"author":[{"embeddable":true,"href":"https:\/\/iprberlin.com\/de\/wp-json\/wp\/v2\/users\/1"}],"replies":[{"embeddable":true,"href":"https:\/\/iprberlin.com\/de\/wp-json\/wp\/v2\/comments?post=1345"}],"version-history":[{"count":1,"href":"https:\/\/iprberlin.com\/de\/wp-json\/wp\/v2\/posts\/1345\/revisions"}],"predecessor-version":[{"id":1346,"href":"https:\/\/iprberlin.com\/de\/wp-json\/wp\/v2\/posts\/1345\/revisions\/1346"}],"wp:featuredmedia":[{"embeddable":true,"href":"https:\/\/iprberlin.com\/de\/wp-json\/wp\/v2\/media\/1002"}],"wp:attachment":[{"href":"https:\/\/iprberlin.com\/de\/wp-json\/wp\/v2\/media?parent=1345"}],"wp:term":[{"taxonomy":"category","embeddable":true,"href":"https:\/\/iprberlin.com\/de\/wp-json\/wp\/v2\/categories?post=1345"},{"taxonomy":"post_tag","embeddable":true,"href":"https:\/\/iprberlin.com\/de\/wp-json\/wp\/v2\/tags?post=1345"}],"curies":[{"name":"wp","href":"https:\/\/api.w.org\/{rel}","templated":true}]}}