{"id":1036,"date":"2016-02-17T14:22:20","date_gmt":"2016-02-17T14:22:20","guid":{"rendered":"https:\/\/iprberlin.com\/de\/?p=1036"},"modified":"2016-02-17T14:22:20","modified_gmt":"2016-02-17T14:22:20","slug":"gewalt-gegen-frauen-das-patriarchat-im-heim","status":"publish","type":"post","link":"https:\/\/iprberlin.com\/de\/gewalt-gegen-frauen-das-patriarchat-im-heim\/","title":{"rendered":"Gewalt gegen Frauen: Das Patriarchat im Heim"},"content":{"rendered":"<p><span class=\"body\">Frauenberatungsstellen berichten vermehrt von \u00dcbergriffen in Berliner Fl\u00fcchtlingsunterk\u00fcnften. Noch im Februar soll das erste von zwei Frauenheimen er\u00f6ffnen.<\/span><\/p>\n<p>&nbsp;<\/p>\n<p class=\"article first odd\">Immer wieder kommt es nach Angaben von Beratungsstellen in Fl\u00fcchtlingsunterk\u00fcnften zu Gewalt gegen Frauen. \u201eWir haben zunehmend mit der Fl\u00fcchtlingsthematik zu tun\u201c, sagt Patricia Schneider von der Berliner Initiative gegen Gewalt an Frauen (BIG) der taz. Seit Mitte letzten Jahres bringe die Polizei \u00f6fters Betroffene aus den Heimen zu ihnen. 2015 seien kurzzeitig 15 Fl\u00fcchtlingsfrauen mit 25 Kindern bei ihnen untergekommen, weil sie vom Partner geschlagen oder misshandelt wurden, so Schneider. Ihr Anteil an allen Frauen, die bei BIG Schutz suchten, stieg damit auf knapp 10 Prozent.<\/p>\n<p class=\"article even\">Schneider berichtet auch, dass Betreiber von Fl\u00fcchtlingsheimen sich vermehrt an die Beratungsstelle wendeten, um MitarbeiterInnen im Umgang mit h\u00e4uslicher Gewalt schulen zu lassen. Bei einer Fortbildung h\u00e4tten 18 Delegierte aus Fl\u00fcchtlingsunterk\u00fcnften teilgenommen. \u201eNur ein oder zwei von ihnen hatten noch mit keinem konkreten Fall zu tun, die anderen schon.\u201c<\/p>\n<p class=\"article odd\">Auch Friederike Strack vom Krisenzentrum Lara, das Betroffenen sexueller Gewalt hilft, sagt: \u201eWir haben einen Anstieg bei den Beratungen f\u00fcr gefl\u00fcchtete Frauen.\u201c Anders als bei den Frauen, die BIG betreute, ging es dabei nicht nur um Gewalt in der Partnerschaft. Die Frauen h\u00e4tten auf der Flucht oder aber auch in deutschen Heimen sexuelle Gewalt erfahren, erz\u00e4hlt Strack.<\/p>\n<p class=\"article even\">In der Senatsverwaltung f\u00fcr Integration und Frauen ist man sich des Themas bewusst, will es aber auch nicht \u00fcberh\u00f6hen. \u201eWir kennen die Anfragen an das Berliner Hilfesystem f\u00fcr gewaltbetroffene Frauen. Es zeichnet sich derzeit aber ab, dass die Anfragen nicht im \u00fcberproportionalem Ma\u00dfe gestiegen sind\u201c, so Sprecher Christoph Lang.<\/p>\n<h6>Besonderer Schutzbedarf<\/h6>\n<p class=\"article odd\">Gemeinsam mit der Gesundheitsverwaltung arbeite die Frauenverwaltung an einem Konzept, um die Situation von Fl\u00fcchtlingen mit besonderem Schutzbedarf zu verbessern. Dazu geh\u00f6re auch, Qualit\u00e4tsstandards in den Heimen gendersensibel zu \u00fcberarbeiten \u2013 beispielsweise durchzusetzen, dass Sanit\u00e4ranlagen nach Geschlechtern getrennt sind und dass es Aufenthaltsr\u00e4ume nur f\u00fcr Frauen gibt.<\/p>\n<p class=\"article even\">Vier Notpl\u00e4tze wurden eingerichtet, um Frauen im Notfall schnell Schutz bieten zu k\u00f6nnen. Zwei Unterk\u00fcnfte nur f\u00fcr alleinreisende Frauen mit Kindern sind dem Sprecher zufolge in der Planung. \u201eInsgesamt werden zun\u00e4chst 200 bis 300 Pl\u00e4tze zur Verf\u00fcgung stehen\u201c, sagt Lang. Eines der Heime soll noch im Februar er\u00f6ffnet werden. Wo in der Stadt sich die Frauenunterk\u00fcnfte befinden, wollte der Sprecher noch nicht \u00f6ffentlich machen.<\/p>\n<p class=\"article odd\">Auch Fortbildungen der Besch\u00e4ftigten in Fl\u00fcchtlingsunterk\u00fcnften \u2013 nicht nur der SozialarbeiterInnen, auch des Wachschutzes \u2013 will der Senat f\u00f6rdern. Infomaterial der Beratungsstellen wurde in zahlreiche Sprachen \u00fcbersetzt. Ein Leitfaden soll entwickelt werden, der kl\u00e4rt, was etwa bei h\u00e4uslicher Gewalt in einer Unterkunft zu veranlassen ist. Einfache L\u00f6sungen gibt es hier oft nicht. Beobachtet ein Heimbetreiber h\u00e4usliche Gewalt, m\u00fcsste er die Gewalt unterbinden oder, wenn das nicht gelingt, die Polizei rufen. Aber wie soll er sich verhalten, wenn die Frau selbst das mit H\u00e4nden und F\u00fc\u00dfen zu verhindern versucht \u2013 etwa aus Sorge, das k\u00f6nnte ihr Asylverfahren beeintr\u00e4chtigen?<\/p>\n<p class=\"article even\">Den Gewaltt\u00e4ter aus dem Heim zu verweisen, sei auch nicht immer eine L\u00f6sung, sagt Patricia Schneider von BIG. \u201eIhre Community und andere Familienangeh\u00f6rige bleiben da \u2013 und verurteilen die Frau m\u00f6glicherweise.\u201c Eine Trennung, etwa die Frau in ein Frauenhaus zu bringen, sei auch nicht immer der richtige Weg. \u201eDie Frauen haben schon vorher fast alles verloren. Viele haben Angst, am Ende ganz allein dazustehen.\u201c Die Ma\u00dfnahmen m\u00fcssten hier neu diskutiert werden, sagt Schneider.<\/p>\n<h6>Tabuthema sexuelle Gewalt<\/h6>\n<p class=\"article odd\">In einer Moabiter Fl\u00fcchtlingsunterkunft bietet die Beratungsstelle Lara bereits eine Gruppe f\u00fcr Betroffene sexueller Gewalt an. \u201eDas ist sehr schwierig. Das Thema ist f\u00fcr die Frauen tabuisiert\u201c, erz\u00e4hlt Strack. Es bed\u00fcrfe viel Zeit, bis die Frauen \u00fcber ihre Erlebnisse zu sprechen beginnen.<\/p>\n<p class=\"article even\">Als Ursache f\u00fcr die Gewalttaten sieht Patricia Schneider von BIG die schwierigen Umst\u00e4nde, unter denen die Fl\u00fcchtlinge leben, aber auch die jeweilige kulturelle Pr\u00e4gung. \u201eDie Wurzel liegt im patriarchalen Denken, in den patriarchalen Familienstrukturen.\u201c Bei einigen Familien werde Gewalt an Frauen als kulturspezifisch anerkannt. \u201eEs gibt dann kein Unrechtsbewusstsein.\u201c Auch in Deutschland habe die Vergewaltigung in der Ehe lange nicht als Straftat gegolten und sei deshalb lange nicht als solche im Bewusstsein verankert gewesen.<\/p>\n<p class=\"article odd\">Der Senat ist da zur\u00fcckhaltender. Mit pauschalen Einsch\u00e4tzungen von Ursachen m\u00fcsse man vorsichtig sein, warnt Sprecher Lang. \u201eDie Unterbringung vieler Menschen unterschiedlichster Herkunft und mit teilweise stark belasteten Erfahrungen stellt eine Situation dar, die Gewaltvorkommnisse in jeglicher Form beg\u00fcnstigt.\u201c<\/p>\n<p>&nbsp;<\/p>\n","protected":false},"excerpt":{"rendered":"<p>Frauenberatungsstellen berichten vermehrt von \u00dcbergriffen in Berliner Fl\u00fcchtlingsunterk\u00fcnften. Noch im Februar soll das erste von zwei Frauenheimen er\u00f6ffnen. &nbsp; Immer wieder kommt es nach Angaben von Beratungsstellen in Fl\u00fcchtlingsunterk\u00fcnften zu Gewalt gegen Frauen. \u201eWir haben zunehmend mit der Fl\u00fcchtlingsthematik zu tun\u201c, sagt Patricia Schneider von der Berliner Initiative gegen Gewalt an Frauen (BIG) der taz. [&hellip;]<\/p>\n","protected":false},"author":1,"featured_media":1037,"comment_status":"open","ping_status":"open","sticky":false,"template":"","format":"standard","meta":{"_jetpack_memberships_contains_paid_content":false,"footnotes":""},"categories":[5],"tags":[],"class_list":["post-1036","post","type-post","status-publish","format-standard","has-post-thumbnail","hentry","category-news"],"jetpack_sharing_enabled":true,"jetpack_featured_media_url":"https:\/\/iprberlin.com\/de\/wp-content\/uploads\/2016\/02\/silhouette-69666_960_720.jpg","_links":{"self":[{"href":"https:\/\/iprberlin.com\/de\/wp-json\/wp\/v2\/posts\/1036","targetHints":{"allow":["GET"]}}],"collection":[{"href":"https:\/\/iprberlin.com\/de\/wp-json\/wp\/v2\/posts"}],"about":[{"href":"https:\/\/iprberlin.com\/de\/wp-json\/wp\/v2\/types\/post"}],"author":[{"embeddable":true,"href":"https:\/\/iprberlin.com\/de\/wp-json\/wp\/v2\/users\/1"}],"replies":[{"embeddable":true,"href":"https:\/\/iprberlin.com\/de\/wp-json\/wp\/v2\/comments?post=1036"}],"version-history":[{"count":1,"href":"https:\/\/iprberlin.com\/de\/wp-json\/wp\/v2\/posts\/1036\/revisions"}],"predecessor-version":[{"id":1038,"href":"https:\/\/iprberlin.com\/de\/wp-json\/wp\/v2\/posts\/1036\/revisions\/1038"}],"wp:featuredmedia":[{"embeddable":true,"href":"https:\/\/iprberlin.com\/de\/wp-json\/wp\/v2\/media\/1037"}],"wp:attachment":[{"href":"https:\/\/iprberlin.com\/de\/wp-json\/wp\/v2\/media?parent=1036"}],"wp:term":[{"taxonomy":"category","embeddable":true,"href":"https:\/\/iprberlin.com\/de\/wp-json\/wp\/v2\/categories?post=1036"},{"taxonomy":"post_tag","embeddable":true,"href":"https:\/\/iprberlin.com\/de\/wp-json\/wp\/v2\/tags?post=1036"}],"curies":[{"name":"wp","href":"https:\/\/api.w.org\/{rel}","templated":true}]}}